{"id":5332,"date":"2019-04-16T20:24:17","date_gmt":"2019-04-16T18:24:17","guid":{"rendered":"http:\/\/www.trachtenverband-unterfranken.de\/?p=5332"},"modified":"2019-04-16T20:58:57","modified_gmt":"2019-04-16T18:58:57","slug":"fraenkischen-tanzfest-zum-fruehlingserwachen","status":"publish","type":"post","link":"https:\/\/www.trachtenverband-unterfranken.de\/?p=5332","title":{"rendered":"Fr\u00e4nkischen Tanzfest zum Fr\u00fchlingserwachen"},"content":{"rendered":"<p>Gr\u00fc\u00df Gott, liebe Freunde des Fr\u00e4nkischen Volkstanzes,<\/p>\n<p>sehr herzlich laden wir wieder zum traditionellen <strong>Fr\u00e4nkischen Tanzfest zum Fr\u00fchlingserwachen <\/strong>am<\/p>\n<p><strong>Ostermontag, den 22. April, um 19.30 Uhr<\/strong>,<\/p>\n<p>in den Saal der \u201eAlten Amtsvogtei\u201c, Kirchplatz 4 nach 97506 Grafenrheinfeld ein.<br \/>\nEs spielt die \u201eRafelder Brotzeitmusik\u201c zum Tanz auf!<\/p>\n<p>Unter der Tanzleitung von Elisabeth und Josef Eusemann wird auch die \u201eWeidenberger Francaise\u201c getanzt!<\/p>\n<p>Wir freuen uns auf Euer Kommen!<\/p>\n<p>Eintritt: 7,&#8211; \u20ac<br \/>\nReserviert bitte bei Interesse Eure Karten im Vorverkauf!<br \/>\nWeth Fridolin &#8211; Tel.: 09723\/2840<\/p>\n<p>Danke!<br \/>\nIn freundschaftlicher Verbundenheit<br \/>\nRafelder Brotzeitmusik<br \/>\ni.V. A. D\u00f6pfert<\/p>\n","protected":false},"excerpt":{"rendered":"<p>Gr\u00fc\u00df Gott, liebe Freunde des Fr\u00e4nkischen Volkstanzes, sehr herzlich laden wir wieder zum traditionellen Fr\u00e4nkischen Tanzfest zum Fr\u00fchlingserwachen am Ostermontag, den 22. April, um 19.30 Uhr, in den Saal der \u201eAlten Amtsvogtei\u201c, Kirchplatz 4 nach 97506 Grafenrheinfeld ein. Es spielt die \u201eRafelder Brotzeitmusik\u201c zum Tanz auf! Unter der Tanzleitung von Elisabeth und Josef Eusemann wird &hellip; <a href=\"https:\/\/www.trachtenverband-unterfranken.de\/?p=5332\" class=\"more-link\"><span class=\"screen-reader-text\">Fr\u00e4nkischen Tanzfest zum Fr\u00fchlingserwachen<\/span> weiterlesen<\/a><\/p>\n","protected":false},"author":7,"featured_media":0,"comment_status":"closed","ping_status":"closed","sticky":false,"template":"","format":"standard","meta":{"footnotes":""},"categories":[1,9],"tags":[41,118,73],"_links":{"self":[{"href":"https:\/\/www.trachtenverband-unterfranken.de\/index.php?rest_route=\/wp\/v2\/posts\/5332"}],"collection":[{"href":"https:\/\/www.trachtenverband-unterfranken.de\/index.php?rest_route=\/wp\/v2\/posts"}],"about":[{"href":"https:\/\/www.trachtenverband-unterfranken.de\/index.php?rest_route=\/wp\/v2\/types\/post"}],"author":[{"embeddable":true,"href":"https:\/\/www.trachtenverband-unterfranken.de\/index.php?rest_route=\/wp\/v2\/users\/7"}],"replies":[{"embeddable":true,"href":"https:\/\/www.trachtenverband-unterfranken.de\/index.php?rest_route=%2Fwp%2Fv2%2Fcomments&post=5332"}],"version-history":[{"count":1,"href":"https:\/\/www.trachtenverband-unterfranken.de\/index.php?rest_route=\/wp\/v2\/posts\/5332\/revisions"}],"predecessor-version":[{"id":5333,"href":"https:\/\/www.trachtenverband-unterfranken.de\/index.php?rest_route=\/wp\/v2\/posts\/5332\/revisions\/5333"}],"wp:attachment":[{"href":"https:\/\/www.trachtenverband-unterfranken.de\/index.php?rest_route=%2Fwp%2Fv2%2Fmedia&parent=5332"}],"wp:term":[{"taxonomy":"category","embeddable":true,"href":"https:\/\/www.trachtenverband-unterfranken.de\/index.php?rest_route=%2Fwp%2Fv2%2Fcategories&post=5332"},{"taxonomy":"post_tag","embeddable":true,"href":"https:\/\/www.trachtenverband-unterfranken.de\/index.php?rest_route=%2Fwp%2Fv2%2Ftags&post=5332"}],"curies":[{"name":"wp","href":"https:\/\/api.w.org\/{rel}","templated":true}]}}