{"id":5365,"date":"2019-07-30T22:46:21","date_gmt":"2019-07-30T20:46:21","guid":{"rendered":"http:\/\/www.trachtenverband-unterfranken.de\/?p=5365"},"modified":"2019-08-01T20:27:22","modified_gmt":"2019-08-01T18:27:22","slug":"17-08-2019-gautrachtenfest-in-marktheidenfeld","status":"publish","type":"post","link":"https:\/\/www.trachtenverband-unterfranken.de\/?p=5365","title":{"rendered":"17.08.2019 Gautrachtenfest in Marktheidenfeld"},"content":{"rendered":"<p>Liebe Trachtenfreunde,<\/p>\n<p>ich lade Euch herzlich zum Gautrachtenfest am 17.08.2019 nach Marktheidenfeld ein. Die Stadt Marktheidenfeld ist im Rahmen der Laurenzifestwoche unser Gastgeber f\u00fcr das Gautrachtenfest und stellt uns das Festzelt am 17.08.2019 zur Verf\u00fcgung. Daf\u00fcr m\u00f6chte ich mich an dieser Stelle schon recht herzlich bei der B\u00fcrgermeisterin Frau Helga Schmidt-Neder bedanken.<\/p>\n<figure id=\"attachment_5368\" aria-describedby=\"caption-attachment-5368\" style=\"width: 600px\" class=\"wp-caption alignnone\"><img loading=\"lazy\" decoding=\"async\" class=\"wp-image-5368 size-full\" src=\"https:\/\/www.trachtenverband-unterfranken.de\/wp-content\/uploads\/2019\/07\/volkstanz-600x399.jpg\" alt=\"\" width=\"600\" height=\"399\" srcset=\"https:\/\/www.trachtenverband-unterfranken.de\/wp-content\/uploads\/2019\/07\/volkstanz-600x399.jpg 600w, https:\/\/www.trachtenverband-unterfranken.de\/wp-content\/uploads\/2019\/07\/volkstanz-600x399-300x200.jpg 300w\" sizes=\"(max-width: 600px) 100vw, 600px\" \/><figcaption id=\"caption-attachment-5368\" class=\"wp-caption-text\">Foto: www.marktheidenfeld-live.de\/termin\/gautrachtenfest-2019\/<\/figcaption><\/figure>\n<p>Die Festzug-Aufstellung findet am Jugendzentrum um 11.30 Uhr statt. Der Festzug beginnt um 12.00 Uhr und f\u00fchrt \u00fcber die Lengfurter Stra\u00dfe, Untertorstra\u00dfe, Marktplatz, Obertorstra\u00dfe, Br\u00fcckenstra\u00dfe zum Festgel\u00e4nde Martinswiese (ca. 2 km). Nach dem Fahneneinzug bitten wir die teilnehmenden Trachtenvereine um ihre Ehrent\u00e4nze im Festzelt. Anschlie\u00dfend ist bis ca. 17.00 Uhr freies (Volks-)Tanzen geplant.<\/p>\n<p>Mit freundlichen Trachtengr\u00fc\u00dfen<\/p>\n<p>Oliver Brust<br \/>\n1. Vorsitzender<\/p>\n","protected":false},"excerpt":{"rendered":"<p>Liebe Trachtenfreunde, ich lade Euch herzlich zum Gautrachtenfest am 17.08.2019 nach Marktheidenfeld ein. Die Stadt Marktheidenfeld ist im Rahmen der Laurenzifestwoche unser Gastgeber f\u00fcr das Gautrachtenfest und stellt uns das Festzelt am 17.08.2019 zur Verf\u00fcgung. Daf\u00fcr m\u00f6chte ich mich an dieser Stelle schon recht herzlich bei der B\u00fcrgermeisterin Frau Helga Schmidt-Neder bedanken. Die Festzug-Aufstellung findet &hellip; <a href=\"https:\/\/www.trachtenverband-unterfranken.de\/?p=5365\" class=\"more-link\"><span class=\"screen-reader-text\">17.08.2019 Gautrachtenfest in Marktheidenfeld<\/span> weiterlesen<\/a><\/p>\n","protected":false},"author":2,"featured_media":0,"comment_status":"closed","ping_status":"closed","sticky":false,"template":"","format":"standard","meta":{"footnotes":""},"categories":[9,35,12],"tags":[],"_links":{"self":[{"href":"https:\/\/www.trachtenverband-unterfranken.de\/index.php?rest_route=\/wp\/v2\/posts\/5365"}],"collection":[{"href":"https:\/\/www.trachtenverband-unterfranken.de\/index.php?rest_route=\/wp\/v2\/posts"}],"about":[{"href":"https:\/\/www.trachtenverband-unterfranken.de\/index.php?rest_route=\/wp\/v2\/types\/post"}],"author":[{"embeddable":true,"href":"https:\/\/www.trachtenverband-unterfranken.de\/index.php?rest_route=\/wp\/v2\/users\/2"}],"replies":[{"embeddable":true,"href":"https:\/\/www.trachtenverband-unterfranken.de\/index.php?rest_route=%2Fwp%2Fv2%2Fcomments&post=5365"}],"version-history":[{"count":3,"href":"https:\/\/www.trachtenverband-unterfranken.de\/index.php?rest_route=\/wp\/v2\/posts\/5365\/revisions"}],"predecessor-version":[{"id":5369,"href":"https:\/\/www.trachtenverband-unterfranken.de\/index.php?rest_route=\/wp\/v2\/posts\/5365\/revisions\/5369"}],"wp:attachment":[{"href":"https:\/\/www.trachtenverband-unterfranken.de\/index.php?rest_route=%2Fwp%2Fv2%2Fmedia&parent=5365"}],"wp:term":[{"taxonomy":"category","embeddable":true,"href":"https:\/\/www.trachtenverband-unterfranken.de\/index.php?rest_route=%2Fwp%2Fv2%2Fcategories&post=5365"},{"taxonomy":"post_tag","embeddable":true,"href":"https:\/\/www.trachtenverband-unterfranken.de\/index.php?rest_route=%2Fwp%2Fv2%2Ftags&post=5365"}],"curies":[{"name":"wp","href":"https:\/\/api.w.org\/{rel}","templated":true}]}}