{"id":5377,"date":"2019-08-16T16:52:19","date_gmt":"2019-08-16T14:52:19","guid":{"rendered":"http:\/\/www.trachtenverband-unterfranken.de\/?p=5377"},"modified":"2019-08-17T08:03:21","modified_gmt":"2019-08-17T06:03:21","slug":"gautrachtenfest-in-marktheidenfeld","status":"publish","type":"post","link":"https:\/\/www.trachtenverband-unterfranken.de\/?p=5377","title":{"rendered":"Gautrachtenfest in Marktheidenfeld &#8211; Festzugfolge"},"content":{"rendered":"<p>Guten Morgen zusammen,<\/p>\n<p>habe gestern noch die Info von der Stadt Marktheidenfeld bekommen, dass am Aufstellungsort im Au\u00dfenbereich des Jugendzentrums ab 11.00 Uhr die Toiletten ge\u00f6ffnet sein werden.<\/p>\n<p>Das Wetter verspricht gut zu werden. Daher freue ich mich schon, Euch alle wiederzusehen.<\/p>\n<p>Hier noch mal zu Erinnerung das Programm und der Lageplan mit Parkm\u00f6glichkeiten. Das Festzelt ist auf der Martinswiese.<\/p>\n<p>Das Trachtenfest findet im Rahmen der Laurenzi-Messe statt, ist also auch sonst noch viel geboten.<\/p>\n<p><strong>12.00 Uhr: Gautrachten-Festzug<\/strong><br \/>\nAufstellung am Jugendzentrum in der Lengfurter Stra\u00dfe<br \/>\nZugstrecke \u00fcber Untertorstra\u00dfe, Marktplatz, Obertorstra\u00dfe, Br\u00fcckenstra\u00dfe bis zum Festplatz<\/p>\n<p>nach dem Festzug <strong>ca. 12.45 Uhr\/13.00 Uhr Fahneneinzug ins Zelt<\/strong><br \/>\nim Zelt spielen die Vasb\u00fchler Musikanten. Die Trachtengruppen f\u00fchren <strong>Ehrent\u00e4nze<\/strong> auf. Das Tanzprogramm wird vorort mit dem Gauvort\u00e4nzer Florian Kre\u00df abgestimmt. Im Anschluss an die Ehrent\u00e4nze sind alle Trachtler und G\u00e4ste zum <strong>allgemeinen Volkstanzen<\/strong> eingeladen.<\/p>\n<p>Liebe Gr\u00fc\u00dfe<\/p>\n<p>Oliver Brust<br \/>\n1. Gauvorstand<\/p>\n<table width=\"680\">\n<tbody>\n<tr>\n<td colspan=\"2\" width=\"454\">Festzugfolge Gautrachtenfest Marktheidenfeld 17.08.2019<\/td>\n<td width=\"226\"><\/td>\n<\/tr>\n<tr>\n<td colspan=\"2\">Stand 08.08.2019<\/td>\n<td><\/td>\n<\/tr>\n<tr>\n<td><\/td>\n<td><\/td>\n<td><\/td>\n<\/tr>\n<tr>\n<td>Zugnummer<\/td>\n<td>Name<\/td>\n<td>Kapelle\/Trachtengruppe<\/td>\n<\/tr>\n<tr>\n<td>1<\/td>\n<td>DJK-Musikkapelle Tiefenthal<\/td>\n<td>Kapelle<\/td>\n<\/tr>\n<tr>\n<td>2<\/td>\n<td>Ehreng\u00e4ste \/ Gauverwaltung<\/td>\n<td>Fu\u00dfgruppe<\/td>\n<\/tr>\n<tr>\n<td>3<\/td>\n<td>Trachtenverein &#8222;Die Glasf`lder&#8220; Glasofen<\/td>\n<td>Trachtengruppe<\/td>\n<\/tr>\n<tr>\n<td>4<\/td>\n<td>Volkstrachtenverein R\u00f6thlein e.V.<\/td>\n<td>Trachtengruppe<\/td>\n<\/tr>\n<tr>\n<td>5<\/td>\n<td>Trachtenverein H\u00f6chberg<\/td>\n<td>Trachtengruppe<\/td>\n<\/tr>\n<tr>\n<td>6<\/td>\n<td>Trachtenverein W\u00fcrzburg 03<\/td>\n<td>Trachtengruppe<\/td>\n<\/tr>\n<tr>\n<td>7<\/td>\n<td>Trachtenverein Nordheim Rother Kuppe<\/td>\n<td>Trachtengruppe<\/td>\n<\/tr>\n<tr>\n<td>8<\/td>\n<td>Spessarttrachtenkapelle Oberndorf<\/td>\n<td>Kapelle<\/td>\n<\/tr>\n<tr>\n<td>9<\/td>\n<td>Verein f\u00fcr Heimat- u. Brauchtumspflege Geldersheim e.V.<\/td>\n<td>Trachtengruppe<\/td>\n<\/tr>\n<tr>\n<td>10<\/td>\n<td>Heimat-Trachtenverein Euerbach<\/td>\n<td>Trachtengruppe<\/td>\n<\/tr>\n<tr>\n<td>11<\/td>\n<td>Heimat- u. Volkstrachtenverein Karlstadt<\/td>\n<td>Trachtengruppe<\/td>\n<\/tr>\n<tr>\n<td>12<\/td>\n<td>Volkstrachtenverein Markt Einersheim<\/td>\n<td>Trachtengruppe<\/td>\n<\/tr>\n<tr>\n<td>13<\/td>\n<td>Volkstrachtenverein Ochsenfurt e.V.<\/td>\n<td>Trachtengruppe<\/td>\n<\/tr>\n<tr>\n<td>14<\/td>\n<td>Feuerwehrkapelle FFW R\u00f6ttbach<\/td>\n<td>Kapelle<\/td>\n<\/tr>\n<tr>\n<td>15<\/td>\n<td>Trachtenverein Abtsroda e.V.<\/td>\n<td>Trachtengruppe<\/td>\n<\/tr>\n<tr>\n<td>16<\/td>\n<td>Volkstanzgruppe Henneburg Stadtprozelten<\/td>\n<td>Trachtengruppe<\/td>\n<\/tr>\n<tr>\n<td>17<\/td>\n<td>Volkstrachtenerhaltungsverein &#8222;Die Semflder&#8220; Sennfeld<\/td>\n<td>Trachtengruppe<\/td>\n<\/tr>\n<tr>\n<td>18<\/td>\n<td>Trachtenverein Schollbrunn<\/td>\n<td>Trachtengruppe<\/td>\n<\/tr>\n<tr>\n<td>19<\/td>\n<td>Volkstanzgruppe Burgsinn<\/td>\n<td>Trachtengruppe<\/td>\n<\/tr>\n<tr>\n<td>20<\/td>\n<td>Hafenlohrtal-Kapelle Windheim<\/td>\n<td>Kapelle<\/td>\n<\/tr>\n<tr>\n<td>21<\/td>\n<td>Trachtenverein D`Spessartw\u00e4ldler Heimbuchental<\/td>\n<td>Trachtengruppe<\/td>\n<\/tr>\n<tr>\n<td>22<\/td>\n<td>Trachtenverein Almrausch Kleinwallstadt<\/td>\n<td>Trachtengruppe<\/td>\n<\/tr>\n<tr>\n<td>23<\/td>\n<td>Trachtenverein D`Grenzlandler Alzenau-H\u00f6rstein<\/td>\n<td>Trachtengruppe<\/td>\n<\/tr>\n<tr>\n<td>24<\/td>\n<td>Freunde fr\u00e4nk. Brauchtums Urspringen<\/td>\n<td>Trachtengruppe<\/td>\n<\/tr>\n<tr>\n<td>25<\/td>\n<td>Verein f\u00fcr Gartenbau u. Landespflege Helmstadt.e.V.<\/td>\n<td>Trachtengruppe<\/td>\n<\/tr>\n<\/tbody>\n<\/table>\n<p><strong>12.30 \u2013 17.00 Uhr: Gautrachtenfest 2019<\/strong><br \/>\nVolks- und Trachtent\u00e4nze zur Musik vom Musikverein Vasb\u00fchl<\/p>\n<p><img loading=\"lazy\" decoding=\"async\" class=\"aligncenter wp-image-5378 size-large\" src=\"https:\/\/www.trachtenverband-unterfranken.de\/wp-content\/uploads\/2019\/08\/Lageplan-MAR-386x500.jpg\" alt=\"\" width=\"386\" height=\"500\" srcset=\"https:\/\/www.trachtenverband-unterfranken.de\/wp-content\/uploads\/2019\/08\/Lageplan-MAR.jpg 386w, https:\/\/www.trachtenverband-unterfranken.de\/wp-content\/uploads\/2019\/08\/Lageplan-MAR-232x300.jpg 232w\" sizes=\"(max-width: 386px) 100vw, 386px\" \/><\/p>\n<p><img loading=\"lazy\" decoding=\"async\" class=\"alignnone wp-image-5379 size-large\" src=\"https:\/\/www.trachtenverband-unterfranken.de\/wp-content\/uploads\/2019\/08\/Bildschirmfoto_2019-08-07_12-30-43-750x422.png\" alt=\"\" width=\"660\" height=\"371\" srcset=\"https:\/\/www.trachtenverband-unterfranken.de\/wp-content\/uploads\/2019\/08\/Bildschirmfoto_2019-08-07_12-30-43.png 750w, https:\/\/www.trachtenverband-unterfranken.de\/wp-content\/uploads\/2019\/08\/Bildschirmfoto_2019-08-07_12-30-43-300x169.png 300w\" sizes=\"(max-width: 660px) 100vw, 660px\" \/><\/p>\n<p>&nbsp;<\/p>\n","protected":false},"excerpt":{"rendered":"<p>Guten Morgen zusammen, habe gestern noch die Info von der Stadt Marktheidenfeld bekommen, dass am Aufstellungsort im Au\u00dfenbereich des Jugendzentrums ab 11.00 Uhr die Toiletten ge\u00f6ffnet sein werden. Das Wetter verspricht gut zu werden. Daher freue ich mich schon, Euch alle wiederzusehen. Hier noch mal zu Erinnerung das Programm und der Lageplan mit Parkm\u00f6glichkeiten. Das &hellip; <a href=\"https:\/\/www.trachtenverband-unterfranken.de\/?p=5377\" class=\"more-link\"><span class=\"screen-reader-text\">Gautrachtenfest in Marktheidenfeld &#8211; Festzugfolge<\/span> weiterlesen<\/a><\/p>\n","protected":false},"author":7,"featured_media":0,"comment_status":"closed","ping_status":"closed","sticky":false,"template":"","format":"standard","meta":{"footnotes":""},"categories":[1,9,35],"tags":[41,26,71,73],"_links":{"self":[{"href":"https:\/\/www.trachtenverband-unterfranken.de\/index.php?rest_route=\/wp\/v2\/posts\/5377"}],"collection":[{"href":"https:\/\/www.trachtenverband-unterfranken.de\/index.php?rest_route=\/wp\/v2\/posts"}],"about":[{"href":"https:\/\/www.trachtenverband-unterfranken.de\/index.php?rest_route=\/wp\/v2\/types\/post"}],"author":[{"embeddable":true,"href":"https:\/\/www.trachtenverband-unterfranken.de\/index.php?rest_route=\/wp\/v2\/users\/7"}],"replies":[{"embeddable":true,"href":"https:\/\/www.trachtenverband-unterfranken.de\/index.php?rest_route=%2Fwp%2Fv2%2Fcomments&post=5377"}],"version-history":[{"count":4,"href":"https:\/\/www.trachtenverband-unterfranken.de\/index.php?rest_route=\/wp\/v2\/posts\/5377\/revisions"}],"predecessor-version":[{"id":5397,"href":"https:\/\/www.trachtenverband-unterfranken.de\/index.php?rest_route=\/wp\/v2\/posts\/5377\/revisions\/5397"}],"wp:attachment":[{"href":"https:\/\/www.trachtenverband-unterfranken.de\/index.php?rest_route=%2Fwp%2Fv2%2Fmedia&parent=5377"}],"wp:term":[{"taxonomy":"category","embeddable":true,"href":"https:\/\/www.trachtenverband-unterfranken.de\/index.php?rest_route=%2Fwp%2Fv2%2Fcategories&post=5377"},{"taxonomy":"post_tag","embeddable":true,"href":"https:\/\/www.trachtenverband-unterfranken.de\/index.php?rest_route=%2Fwp%2Fv2%2Ftags&post=5377"}],"curies":[{"name":"wp","href":"https:\/\/api.w.org\/{rel}","templated":true}]}}