{"id":5393,"date":"2019-08-15T16:59:39","date_gmt":"2019-08-15T14:59:39","guid":{"rendered":"http:\/\/www.trachtenverband-unterfranken.de\/?p=5393"},"modified":"2019-08-15T17:00:39","modified_gmt":"2019-08-15T15:00:39","slug":"massbacher-kermestanz-2019","status":"publish","type":"post","link":"https:\/\/www.trachtenverband-unterfranken.de\/?p=5393","title":{"rendered":"Ma\u00dfbacher Kermestanz 2019"},"content":{"rendered":"<p style=\"text-align: center;\">Die Ma\u00dfbacher Volkst\u00e4nzer laden ein zum<\/p>\n<h2 style=\"text-align: center;\"><strong>31. Ma\u00dfbacher Kermestanz<\/strong><\/h2>\n<h4 style=\"text-align: center;\">mit <strong>Weidenberger Fran\u00e7aise<\/strong><\/h4>\n<p style=\"text-align: center;\">am <strong>Samstag <\/strong>den<strong> 7. September<\/strong> <strong>2019<\/strong> um <strong>20 Uhr<\/strong><\/p>\n<p style=\"text-align: center;\">im <strong>Sch\u00fctzenhaus Ma\u00dfbach<\/strong>.<\/p>\n<p style=\"text-align: center;\">Es spielen die Schrolla-Musikanten aus Vasb\u00fchl.<\/p>\n<p>Reservierungen bei Familie Gro\u00dfmann (09735 \/ 289) und Familie Schraut (09735 \/ 505)<\/p>\n<p>&nbsp;<\/p>\n","protected":false},"excerpt":{"rendered":"<p>Die Ma\u00dfbacher Volkst\u00e4nzer laden ein zum 31. Ma\u00dfbacher Kermestanz mit Weidenberger Fran\u00e7aise am Samstag den 7. September 2019 um 20 Uhr im Sch\u00fctzenhaus Ma\u00dfbach. Es spielen die Schrolla-Musikanten aus Vasb\u00fchl. Reservierungen bei Familie Gro\u00dfmann (09735 \/ 289) und Familie Schraut (09735 \/ 505) &nbsp;<\/p>\n","protected":false},"author":7,"featured_media":0,"comment_status":"closed","ping_status":"closed","sticky":false,"template":"","format":"standard","meta":{"footnotes":""},"categories":[1,9],"tags":[41,23,118,93],"_links":{"self":[{"href":"https:\/\/www.trachtenverband-unterfranken.de\/index.php?rest_route=\/wp\/v2\/posts\/5393"}],"collection":[{"href":"https:\/\/www.trachtenverband-unterfranken.de\/index.php?rest_route=\/wp\/v2\/posts"}],"about":[{"href":"https:\/\/www.trachtenverband-unterfranken.de\/index.php?rest_route=\/wp\/v2\/types\/post"}],"author":[{"embeddable":true,"href":"https:\/\/www.trachtenverband-unterfranken.de\/index.php?rest_route=\/wp\/v2\/users\/7"}],"replies":[{"embeddable":true,"href":"https:\/\/www.trachtenverband-unterfranken.de\/index.php?rest_route=%2Fwp%2Fv2%2Fcomments&post=5393"}],"version-history":[{"count":2,"href":"https:\/\/www.trachtenverband-unterfranken.de\/index.php?rest_route=\/wp\/v2\/posts\/5393\/revisions"}],"predecessor-version":[{"id":5395,"href":"https:\/\/www.trachtenverband-unterfranken.de\/index.php?rest_route=\/wp\/v2\/posts\/5393\/revisions\/5395"}],"wp:attachment":[{"href":"https:\/\/www.trachtenverband-unterfranken.de\/index.php?rest_route=%2Fwp%2Fv2%2Fmedia&parent=5393"}],"wp:term":[{"taxonomy":"category","embeddable":true,"href":"https:\/\/www.trachtenverband-unterfranken.de\/index.php?rest_route=%2Fwp%2Fv2%2Fcategories&post=5393"},{"taxonomy":"post_tag","embeddable":true,"href":"https:\/\/www.trachtenverband-unterfranken.de\/index.php?rest_route=%2Fwp%2Fv2%2Ftags&post=5393"}],"curies":[{"name":"wp","href":"https:\/\/api.w.org\/{rel}","templated":true}]}}