{"id":5482,"date":"2019-12-17T15:09:25","date_gmt":"2019-12-17T14:09:25","guid":{"rendered":"http:\/\/www.trachtenverband-unterfranken.de\/?p=5482"},"modified":"2019-12-17T15:09:25","modified_gmt":"2019-12-17T14:09:25","slug":"vereinsfuehrerschein-fortbildung-in-kloster-banz","status":"publish","type":"post","link":"https:\/\/www.trachtenverband-unterfranken.de\/?p=5482","title":{"rendered":"Vereinsf\u00fchrerschein &#8211; Fortbildung in Kloster Banz"},"content":{"rendered":"<p><img loading=\"lazy\" decoding=\"async\" class=\"size-full wp-image-5483 alignleft\" src=\"https:\/\/www.trachtenverband-unterfranken.de\/wp-content\/uploads\/2019\/12\/hss_logo.jpg\" alt=\"\" width=\"82\" height=\"50\" \/><\/p>\n<p>Vereine sind heute vor gro\u00dfe Herausforderungen gestellt. Viele Vereine haben\u00a0 damit Probleme, ihre F\u00fchrungspositionen zu besetzen. Dar\u00fcber hinaus stellen sich Fragen zur zukunfts- und mitglieder-orientieren Vereinsgestaltung, F\u00fchrung und Motivation, rechtlichen Aspekten und vielem mehr.<\/p>\n<p>Die Fortbildung bietet Vereinsvertreter\/innen die M\u00f6glichkeit, Ihren Verein zukunftsgerecht aufzustellen, soll Sicherheit geben und die Angst vor der \u00dcbernahme eines Ehrenamts nehmen. Die Themen reichen von den Grundlagen der Vereinsf\u00fchrung \u00fcber Vereinsrecht und Datenschutz bis hin zur Mitgliedergewinnung und Kommunikation im Verein.<\/p>\n<p>Wir freuen uns, Sie auf <strong>Kloster Banz<\/strong> begr\u00fc\u00dfen zu d\u00fcrfen!<\/p>\n<p><strong>Wann: Samstag 11.01.2020 bis Sonntag 12.01.2020 &#8211; <\/strong><strong>Beginn: 10:00 Uhr<\/strong><\/p>\n<p><strong>Wo: Bildungszentrum Kloster Banz<\/strong><\/p>\n<p><a href=\"https:\/\/www.hss.de\/veranstaltungen\/ehrenamt-vereinsfuehrerschein-3200307605\/\" target=\"_blank\" rel=\"noopener\">Weitere Infos und Programm<\/a><\/p>\n","protected":false},"excerpt":{"rendered":"<p>Vereine sind heute vor gro\u00dfe Herausforderungen gestellt. Viele Vereine haben\u00a0 damit Probleme, ihre F\u00fchrungspositionen zu besetzen. Dar\u00fcber hinaus stellen sich Fragen zur zukunfts- und mitglieder-orientieren Vereinsgestaltung, F\u00fchrung und Motivation, rechtlichen Aspekten und vielem mehr. Die Fortbildung bietet Vereinsvertreter\/innen die M\u00f6glichkeit, Ihren Verein zukunftsgerecht aufzustellen, soll Sicherheit geben und die Angst vor der \u00dcbernahme eines Ehrenamts &hellip; <a href=\"https:\/\/www.trachtenverband-unterfranken.de\/?p=5482\" class=\"more-link\"><span class=\"screen-reader-text\">Vereinsf\u00fchrerschein &#8211; Fortbildung in Kloster Banz<\/span> weiterlesen<\/a><\/p>\n","protected":false},"author":7,"featured_media":0,"comment_status":"closed","ping_status":"closed","sticky":false,"template":"","format":"standard","meta":{"footnotes":""},"categories":[1],"tags":[127,128],"_links":{"self":[{"href":"https:\/\/www.trachtenverband-unterfranken.de\/index.php?rest_route=\/wp\/v2\/posts\/5482"}],"collection":[{"href":"https:\/\/www.trachtenverband-unterfranken.de\/index.php?rest_route=\/wp\/v2\/posts"}],"about":[{"href":"https:\/\/www.trachtenverband-unterfranken.de\/index.php?rest_route=\/wp\/v2\/types\/post"}],"author":[{"embeddable":true,"href":"https:\/\/www.trachtenverband-unterfranken.de\/index.php?rest_route=\/wp\/v2\/users\/7"}],"replies":[{"embeddable":true,"href":"https:\/\/www.trachtenverband-unterfranken.de\/index.php?rest_route=%2Fwp%2Fv2%2Fcomments&post=5482"}],"version-history":[{"count":2,"href":"https:\/\/www.trachtenverband-unterfranken.de\/index.php?rest_route=\/wp\/v2\/posts\/5482\/revisions"}],"predecessor-version":[{"id":5485,"href":"https:\/\/www.trachtenverband-unterfranken.de\/index.php?rest_route=\/wp\/v2\/posts\/5482\/revisions\/5485"}],"wp:attachment":[{"href":"https:\/\/www.trachtenverband-unterfranken.de\/index.php?rest_route=%2Fwp%2Fv2%2Fmedia&parent=5482"}],"wp:term":[{"taxonomy":"category","embeddable":true,"href":"https:\/\/www.trachtenverband-unterfranken.de\/index.php?rest_route=%2Fwp%2Fv2%2Fcategories&post=5482"},{"taxonomy":"post_tag","embeddable":true,"href":"https:\/\/www.trachtenverband-unterfranken.de\/index.php?rest_route=%2Fwp%2Fv2%2Ftags&post=5482"}],"curies":[{"name":"wp","href":"https:\/\/api.w.org\/{rel}","templated":true}]}}