{"id":5486,"date":"2019-12-17T16:35:00","date_gmt":"2019-12-17T15:35:00","guid":{"rendered":"http:\/\/www.trachtenverband-unterfranken.de\/?p=5486"},"modified":"2019-12-17T16:35:00","modified_gmt":"2019-12-17T15:35:00","slug":"hammelburger-fruehjahrstreffen","status":"publish","type":"post","link":"https:\/\/www.trachtenverband-unterfranken.de\/?p=5486","title":{"rendered":"Hammelburger Fr\u00fchjahrstreffen"},"content":{"rendered":"<p>Liebe Volksmusikfreundinnen und -freunde,<\/p>\n<p>kurz vor Weihnachten m\u00f6chten wir noch informieren \u00fcber unser n\u00e4chstes Volksmusikwochenende, das Fr\u00fchjahrstreffen an der Bayerischen Musikakdemie in Hammelburg. Wir laden ganz herzlich dazu ein.<\/p>\n<p><strong>Hammelburger Fr\u00fchjahrstreffen<\/strong><\/p>\n<p><strong>\u201eFr\u00e4nkisch g\u2019spielt, g\u2019sunge und gedanzt\u201c \u00a0<\/strong><\/p>\n<p><strong>in der Bayerischen Musikakademie Hammelburg\u00a0(06.-08. M\u00e4rz 2020)\u00a0<\/strong><\/p>\n<p>Die Anmeldung ist bis sp\u00e4testens 6. Februar 2020 erforderlich.<\/p>\n<p>Anm.: Da wie in den vergangenen Jahren f\u00fcr diese Veranstaltung wieder mit einer sehr gro\u00dfen Nachfrage gerechnet werden muss, ist eine fr\u00fchzeitige Anmeldung zu empfehlen.<\/p>\n<p>F\u00fcr Fragen und weitergehende Informationen stehe ich (auch\u00a0gerne telefonisch) zur Verf\u00fcgung.<\/p>\n<p>Vielleicht kennen Sie\/kennst Du Personen, die sich ebenso f\u00fcr diese Veranstaltung interessieren k\u00f6nnte. Falls ja, dann w\u00fcrden wir darum bitten, diese Einladung entsprechend weiterzuleiten. Herzlichen Dank!<\/p>\n<p>Ich w\u00fcnsche Ihnen\/Dir noch sch\u00f6ne Tage im Advent, ein frohes Weihnachtsfest und alles erdenklich Gute f\u00fcr das kommende Jahr.<\/p>\n<p>Mit musikalischen \u00a0Gr\u00fc\u00dfen<\/p>\n<p>Franz Josef Schramm<\/p>\n<p><strong>Programm:<\/strong><br \/>\nDie Teilnehmenden musizieren in Gruppen aus alten Notenhandschriften, neu-<br \/>\nen Ver\u00f6ffentlichungen oder auch ohne Noten (z. B. nach alten Schellackauf-<br \/>\nnahmen fr\u00e4nkischer Bauernkapellen).<br \/>\nDaneben kann man in einer Singstunde und einer Tanzstunde einige Lieder<br \/>\nund T\u00e4nze aus fr\u00e4nkischer \u00dcberlieferung kennenlernen.<br \/>\nAm Samstagabend spielen alle Gruppen bei einem festlichen Abschlussabend<br \/>\nzum Tanz bzw. zum Zuh\u00f6ren auf.<br \/>\nDer Sonntagmorgen ist verschiedenen Workshops gewidmet.<\/p>\n<p>Kosten: 120,- \u20ac (115,-)<br \/>\n75,- \u20ac (70,-) f\u00fcr Kinder, Jugendliche, Studierende<br \/>\n(inkl. Vollpension. Die Preise in Klammern gelten f\u00fcr Landesvereinsmitglieder)<\/p>\n<p>Beginn: Fr., 06.03.2020, 17 Uhr<br \/>\nEnde: So., 08.03.2020, 13 Uhr<br \/>\nOrt: Bayerische Musikakademie Hammelburg<br \/>\nAm Schlo\u00dfberg 97762 Hammelburg<\/p>\n<p><img loading=\"lazy\" decoding=\"async\" class=\"wp-image-5489 size-large alignnone\" src=\"https:\/\/www.trachtenverband-unterfranken.de\/wp-content\/uploads\/2019\/12\/F20_Einladung-1-353x500.jpg\" alt=\"\" width=\"353\" height=\"500\" srcset=\"https:\/\/www.trachtenverband-unterfranken.de\/wp-content\/uploads\/2019\/12\/F20_Einladung-1.jpg 353w, https:\/\/www.trachtenverband-unterfranken.de\/wp-content\/uploads\/2019\/12\/F20_Einladung-1-212x300.jpg 212w\" sizes=\"(max-width: 353px) 100vw, 353px\" \/><\/p>\n","protected":false},"excerpt":{"rendered":"<p>Liebe Volksmusikfreundinnen und -freunde, kurz vor Weihnachten m\u00f6chten wir noch informieren \u00fcber unser n\u00e4chstes Volksmusikwochenende, das Fr\u00fchjahrstreffen an der Bayerischen Musikakdemie in Hammelburg. Wir laden ganz herzlich dazu ein. Hammelburger Fr\u00fchjahrstreffen \u201eFr\u00e4nkisch g\u2019spielt, g\u2019sunge und gedanzt\u201c \u00a0 in der Bayerischen Musikakademie Hammelburg\u00a0(06.-08. M\u00e4rz 2020)\u00a0 Die Anmeldung ist bis sp\u00e4testens 6. Februar 2020 erforderlich. Anm.: Da &hellip; <a href=\"https:\/\/www.trachtenverband-unterfranken.de\/?p=5486\" class=\"more-link\"><span class=\"screen-reader-text\">Hammelburger Fr\u00fchjahrstreffen<\/span> weiterlesen<\/a><\/p>\n","protected":false},"author":7,"featured_media":0,"comment_status":"closed","ping_status":"closed","sticky":false,"template":"","format":"standard","meta":{"footnotes":""},"categories":[1],"tags":[69],"_links":{"self":[{"href":"https:\/\/www.trachtenverband-unterfranken.de\/index.php?rest_route=\/wp\/v2\/posts\/5486"}],"collection":[{"href":"https:\/\/www.trachtenverband-unterfranken.de\/index.php?rest_route=\/wp\/v2\/posts"}],"about":[{"href":"https:\/\/www.trachtenverband-unterfranken.de\/index.php?rest_route=\/wp\/v2\/types\/post"}],"author":[{"embeddable":true,"href":"https:\/\/www.trachtenverband-unterfranken.de\/index.php?rest_route=\/wp\/v2\/users\/7"}],"replies":[{"embeddable":true,"href":"https:\/\/www.trachtenverband-unterfranken.de\/index.php?rest_route=%2Fwp%2Fv2%2Fcomments&post=5486"}],"version-history":[{"count":5,"href":"https:\/\/www.trachtenverband-unterfranken.de\/index.php?rest_route=\/wp\/v2\/posts\/5486\/revisions"}],"predecessor-version":[{"id":5493,"href":"https:\/\/www.trachtenverband-unterfranken.de\/index.php?rest_route=\/wp\/v2\/posts\/5486\/revisions\/5493"}],"wp:attachment":[{"href":"https:\/\/www.trachtenverband-unterfranken.de\/index.php?rest_route=%2Fwp%2Fv2%2Fmedia&parent=5486"}],"wp:term":[{"taxonomy":"category","embeddable":true,"href":"https:\/\/www.trachtenverband-unterfranken.de\/index.php?rest_route=%2Fwp%2Fv2%2Fcategories&post=5486"},{"taxonomy":"post_tag","embeddable":true,"href":"https:\/\/www.trachtenverband-unterfranken.de\/index.php?rest_route=%2Fwp%2Fv2%2Ftags&post=5486"}],"curies":[{"name":"wp","href":"https:\/\/api.w.org\/{rel}","templated":true}]}}