{"id":5512,"date":"2020-03-09T19:26:01","date_gmt":"2020-03-09T18:26:01","guid":{"rendered":"http:\/\/www.trachtenverband-unterfranken.de\/?p=5512"},"modified":"2020-03-09T20:04:37","modified_gmt":"2020-03-09T19:04:37","slug":"einladung-zur-schulung-der-brauchtumswarte","status":"publish","type":"post","link":"https:\/\/www.trachtenverband-unterfranken.de\/?p=5512","title":{"rendered":"Einladung zur Schulung der Brauchtumswarte"},"content":{"rendered":"<h4 style=\"text-align: center;\">Schulung der Brauchtumswarte des<img loading=\"lazy\" decoding=\"async\" class=\"alignright wp-image-5513 size-full\" src=\"https:\/\/www.trachtenverband-unterfranken.de\/wp-content\/uploads\/2020\/03\/49614_100001622100372_7573_n.jpg\" alt=\"\" width=\"200\" height=\"283\" \/><br \/>\nTrachtenverbands Unterfranken<br \/>\nam 04.04.20 in Waizenbach i.Ufr.<\/h4>\n<p>Liebe Brauchtumswarte,<\/p>\n<p>ich lade Euch herzlich zu unserer gemeinsamen Jahresschulung mit den anderen Sachgebieten in das Gemeinschaftshaus, Neue Stra\u00dfe 4, 97797 Wartmannsroth-Waizenbach (Landkreis Bad Kissingen), ein. Beginn ist um 10.30 Uhr. Ab 09.30 Uhr laden wir herzlich zu einer \u00f6kumenischen Andacht in die \u00f6rtliche Kirche in der Diebacher Stra\u00dfe 7 ein.<\/p>\n<p>Folgende Tagesordnungspunkte stehen auf dem Programm:<\/p>\n<p>1. Begr\u00fc\u00dfung<br \/>\n2. Bericht des Gaubrauchtumswarts<br \/>\n3. Aussprache zum Bericht<br \/>\n4. Erfahrungsberichte zu Eins\u00e4tzen in Schulen aus dem Sachgebiet (Interessenten bitte vorher bei mir melden!)<br \/>\n5. Wahlen der Leitung des Sachgebiets (Vorsitz und Stellvertretung)<br \/>\n6. Gegen 12.30 Uhr: Gemeinsames Mittagessen mit den anderen Sachgebieten<br \/>\n7. Weiterarbeit am Projekt \u201eHaus des unterfr\u00e4nkischen Dialekts\u201c in Arnstein-B\u00fcchold<br \/>\n8. Planung von m\u00f6glichen Veranstaltungen des Sachgebiets<br \/>\n9. Sonstiges<br \/>\n10. Abschluss mit Kaffee und Kuchen<\/p>\n<p>Vor dem Gemeinschaftshaus und in der neuen Stra\u00dfe stehen ausreichend Parkpl\u00e4tze zur Verf\u00fcgung. Der Tr\u00e4gerverein Gemeinschaftshaus Waizenbach bitte darum, die Essensbestellung bis Freitag, 27. M\u00e4rz 2020 an mich weiterzuleiten. Bitte dazu das beigef\u00fcgte Formular ausf\u00fcllen.<\/p>\n<p>Ich bitte um Anmeldung f\u00fcr die Schulung mittels Anruf (Festnetz oder Mobil) oder email an meine u.g. Kontaktdaten.<\/p>\n<p>Ich freue mich auf euer Kommen und gr\u00fc\u00dfe alle Brauchtumswarte ganz herzlich!<\/p>\n<p>Thomas Kohl<br \/>\nSachgebietsleiter Mundart-Brauchtum-Laienspiel<\/p>\n<p><a href=\"0 93 57 \/ 5 77\" target=\"_blank\" rel=\"noopener\">Telefon<\/a> <a href=\"01 51 \/ 73 07 13 52\" target=\"_blank\" rel=\"noopener\">Mobil<\/a> <a href=\"0 93 57 \/ 90 93 73\" target=\"_blank\" rel=\"noopener\">Fax<\/a> <a href=\"http:\/\/thomas.kohl@tv-ufr.de\" target=\"_blank\" rel=\"noopener\">Email<\/a><\/p>\n","protected":false},"excerpt":{"rendered":"<p>Schulung der Brauchtumswarte des Trachtenverbands Unterfranken am 04.04.20 in Waizenbach i.Ufr. Liebe Brauchtumswarte, ich lade Euch herzlich zu unserer gemeinsamen Jahresschulung mit den anderen Sachgebieten in das Gemeinschaftshaus, Neue Stra\u00dfe 4, 97797 Wartmannsroth-Waizenbach (Landkreis Bad Kissingen), ein. Beginn ist um 10.30 Uhr. Ab 09.30 Uhr laden wir herzlich zu einer \u00f6kumenischen Andacht in die \u00f6rtliche &hellip; <a href=\"https:\/\/www.trachtenverband-unterfranken.de\/?p=5512\" class=\"more-link\"><span class=\"screen-reader-text\">Einladung zur Schulung der Brauchtumswarte<\/span> weiterlesen<\/a><\/p>\n","protected":false},"author":7,"featured_media":0,"comment_status":"closed","ping_status":"closed","sticky":false,"template":"","format":"standard","meta":{"footnotes":""},"categories":[1,14,7],"tags":[88,122],"_links":{"self":[{"href":"https:\/\/www.trachtenverband-unterfranken.de\/index.php?rest_route=\/wp\/v2\/posts\/5512"}],"collection":[{"href":"https:\/\/www.trachtenverband-unterfranken.de\/index.php?rest_route=\/wp\/v2\/posts"}],"about":[{"href":"https:\/\/www.trachtenverband-unterfranken.de\/index.php?rest_route=\/wp\/v2\/types\/post"}],"author":[{"embeddable":true,"href":"https:\/\/www.trachtenverband-unterfranken.de\/index.php?rest_route=\/wp\/v2\/users\/7"}],"replies":[{"embeddable":true,"href":"https:\/\/www.trachtenverband-unterfranken.de\/index.php?rest_route=%2Fwp%2Fv2%2Fcomments&post=5512"}],"version-history":[{"count":3,"href":"https:\/\/www.trachtenverband-unterfranken.de\/index.php?rest_route=\/wp\/v2\/posts\/5512\/revisions"}],"predecessor-version":[{"id":5518,"href":"https:\/\/www.trachtenverband-unterfranken.de\/index.php?rest_route=\/wp\/v2\/posts\/5512\/revisions\/5518"}],"wp:attachment":[{"href":"https:\/\/www.trachtenverband-unterfranken.de\/index.php?rest_route=%2Fwp%2Fv2%2Fmedia&parent=5512"}],"wp:term":[{"taxonomy":"category","embeddable":true,"href":"https:\/\/www.trachtenverband-unterfranken.de\/index.php?rest_route=%2Fwp%2Fv2%2Fcategories&post=5512"},{"taxonomy":"post_tag","embeddable":true,"href":"https:\/\/www.trachtenverband-unterfranken.de\/index.php?rest_route=%2Fwp%2Fv2%2Ftags&post=5512"}],"curies":[{"name":"wp","href":"https:\/\/api.w.org\/{rel}","templated":true}]}}