{"id":5516,"date":"2020-03-09T19:55:01","date_gmt":"2020-03-09T18:55:01","guid":{"rendered":"http:\/\/www.trachtenverband-unterfranken.de\/?p=5516"},"modified":"2020-03-09T19:55:01","modified_gmt":"2020-03-09T18:55:01","slug":"einladung-zur-schulung-der-trachtenwarte","status":"publish","type":"post","link":"https:\/\/www.trachtenverband-unterfranken.de\/?p=5516","title":{"rendered":"Einladung zur Schulung der Trachtenwarte"},"content":{"rendered":"<h4 style=\"text-align: center;\">Schulung der Trachtenwarte des<img loading=\"lazy\" decoding=\"async\" class=\"alignright wp-image-5513 size-full\" src=\"https:\/\/www.trachtenverband-unterfranken.de\/wp-content\/uploads\/2020\/03\/49614_100001622100372_7573_n.jpg\" alt=\"\" width=\"200\" height=\"283\" \/><br \/>\nTrachtenverbands Unterfranken<br \/>\nam 04.04.20 in Waizenbach i.Ufr.<\/h4>\n<p>Liebe Trachtenwarte,<\/p>\n<p>Wir laden Euch herzlich zu unserer Jahresschulung mit Neuwahlen ins Gemeinschaftshaus Waizenbach, Neue Stra\u00dfe 4, 97797 Wartmannsroth-Waizenbach, ein. Beginn ist um 9.30 Uhr mit einer Andacht in der Kirche von Waizenbach. Wir werden unsere Schulung in der Kegelbahn abhalten.<br \/>\nAnschlie\u00dfend stehen folgende Tagesordnungspunkte auf dem Programm:<\/p>\n<p>1- Begr\u00fc\u00dfung<br \/>\n2- Berichte der Trachtenberater<br \/>\n3- Neuwahl des 1-und 2. Sachausschussvorsitzenden<br \/>\n4- Gemeinsames Mittagessen<br \/>\n5- Praktisches Arbeiten<\/p>\n<p>In diesem Jahr wollen wir Fransen an T\u00fccher kn\u00fcpfen. Roland Fath aus Heimbuchenthal wird dazu Bretter zum Kn\u00fcpfen mitbringen. Diese k\u00f6nnen nach der Schulung auch von den Teilnehmern abgekauft werden. Au\u00dferdem wird noch ben\u00f6tigt: Falls vorhanden ein Tuch mit den passenden Seidenfransen, Kn\u00fcpfnadel, Stopfnadel. Wer kein Tuch zuhause hat, kann das Fransenkn\u00fcpfen an einem Stoffst\u00fcck \u00fcben. F\u00fcr evtl. R\u00fcckfragen k\u00f6nnt ihr euch gerne an Nadja, Elisabeth oder Roland (Tel.: 0609 25776) wenden.<\/p>\n<p>Bitte gebt uns bis zum 27.03.20 Bescheid ob ihr an der Schulung teilnehmen k\u00f6nnt.<br \/>\nWir bitten um R\u00fcckmeldung f\u00fcr die Schulung mittels Anruf oder email an:<\/p>\n<p>Nadja G\u00f6tz<br \/>\n09723\/6089782<br \/>\n01717890850<br \/>\n<a href=\"mailto:elisabeth.matschiner@tv-ufr.de\" target=\"_blank\" rel=\"noopener\">Email<\/a><\/p>\n<p>Elisabeth Matschiner<br \/>\n09391\/79<br \/>\n<a href=\"mailto:nadja.goetz@tv-ufr.de\" target=\"_blank\" rel=\"noopener\">Email<\/a><\/p>\n<p>Wir freuen uns auf euer Kommen.<\/p>\n<p>Nadja G\u00f6tz \/ Elisabeth Matschiner<\/p>\n","protected":false},"excerpt":{"rendered":"<p>Schulung der Trachtenwarte des Trachtenverbands Unterfranken am 04.04.20 in Waizenbach i.Ufr. Liebe Trachtenwarte, Wir laden Euch herzlich zu unserer Jahresschulung mit Neuwahlen ins Gemeinschaftshaus Waizenbach, Neue Stra\u00dfe 4, 97797 Wartmannsroth-Waizenbach, ein. Beginn ist um 9.30 Uhr mit einer Andacht in der Kirche von Waizenbach. Wir werden unsere Schulung in der Kegelbahn abhalten. Anschlie\u00dfend stehen folgende &hellip; <a href=\"https:\/\/www.trachtenverband-unterfranken.de\/?p=5516\" class=\"more-link\"><span class=\"screen-reader-text\">Einladung zur Schulung der Trachtenwarte<\/span> weiterlesen<\/a><\/p>\n","protected":false},"author":7,"featured_media":0,"comment_status":"closed","ping_status":"closed","sticky":false,"template":"","format":"standard","meta":{"footnotes":""},"categories":[1,7,28],"tags":[122,26],"_links":{"self":[{"href":"https:\/\/www.trachtenverband-unterfranken.de\/index.php?rest_route=\/wp\/v2\/posts\/5516"}],"collection":[{"href":"https:\/\/www.trachtenverband-unterfranken.de\/index.php?rest_route=\/wp\/v2\/posts"}],"about":[{"href":"https:\/\/www.trachtenverband-unterfranken.de\/index.php?rest_route=\/wp\/v2\/types\/post"}],"author":[{"embeddable":true,"href":"https:\/\/www.trachtenverband-unterfranken.de\/index.php?rest_route=\/wp\/v2\/users\/7"}],"replies":[{"embeddable":true,"href":"https:\/\/www.trachtenverband-unterfranken.de\/index.php?rest_route=%2Fwp%2Fv2%2Fcomments&post=5516"}],"version-history":[{"count":3,"href":"https:\/\/www.trachtenverband-unterfranken.de\/index.php?rest_route=\/wp\/v2\/posts\/5516\/revisions"}],"predecessor-version":[{"id":5521,"href":"https:\/\/www.trachtenverband-unterfranken.de\/index.php?rest_route=\/wp\/v2\/posts\/5516\/revisions\/5521"}],"wp:attachment":[{"href":"https:\/\/www.trachtenverband-unterfranken.de\/index.php?rest_route=%2Fwp%2Fv2%2Fmedia&parent=5516"}],"wp:term":[{"taxonomy":"category","embeddable":true,"href":"https:\/\/www.trachtenverband-unterfranken.de\/index.php?rest_route=%2Fwp%2Fv2%2Fcategories&post=5516"},{"taxonomy":"post_tag","embeddable":true,"href":"https:\/\/www.trachtenverband-unterfranken.de\/index.php?rest_route=%2Fwp%2Fv2%2Ftags&post=5516"}],"curies":[{"name":"wp","href":"https:\/\/api.w.org\/{rel}","templated":true}]}}