{"id":5522,"date":"2020-03-09T20:03:07","date_gmt":"2020-03-09T19:03:07","guid":{"rendered":"http:\/\/www.trachtenverband-unterfranken.de\/?p=5522"},"modified":"2020-03-09T20:03:07","modified_gmt":"2020-03-09T19:03:07","slug":"einladung-zur-fruehjahrsschulung","status":"publish","type":"post","link":"https:\/\/www.trachtenverband-unterfranken.de\/?p=5522","title":{"rendered":"Einladung zur Fr\u00fchjahrsschulung"},"content":{"rendered":"<h4 style=\"text-align: center;\">Fr\u00fchjahrsschulung des<img loading=\"lazy\" decoding=\"async\" class=\"alignright wp-image-5513 size-full\" src=\"https:\/\/www.trachtenverband-unterfranken.de\/wp-content\/uploads\/2020\/03\/49614_100001622100372_7573_n.jpg\" alt=\"\" width=\"200\" height=\"283\" \/><br \/>\nTrachtenverbands Unterfranken<br \/>\nam 04.04.20 in Waizenbach i.Ufr.<\/h4>\n<p style=\"text-align: center;\">Im Gemeinschaftshaus Waizenbach<br \/>\nNeue Stra\u00dfe 4, 97797 Wartmannsroth-Waizenbach<br \/>\nSamstag 04.04.2020 ab 09:15 Uhr<\/p>\n<p>&nbsp;<\/p>\n<p>Liebe Vort\u00e4nzer\/innen, liebe Tanzbegeisterte und Interessierte,<\/p>\n<p>wir, Florian und Bianca, m\u00f6chten Euch recht herzlich zu unserer <strong>Fr\u00fchjarsschulung mit Wahlen<\/strong> der Gau-Vort\u00e4nzer in Waizenbach einladen. An diesem Samstag werden wir die beiden Posten der Gauvort\u00e4nzer w\u00e4hlen. Gerne stellen wir beide uns wieder zur Verf\u00fcgung.<\/p>\n<p>Vorl\u00e4ufiges Programm:<\/p>\n<p>09:15 Uhr Ankunft im Gemeinschaftshaus<br \/>\n09:30 Uhr \u00f6kumenische Andacht in der Kirche<br \/>\n10:30 Uhr Beginn unserer Schulung mit Wahlen und Terminkalender<br \/>\n12:30 bis 13:30 Uhr Mittagessen<br \/>\n13:30 Uhr offene Tanzrunden f\u00fcr alle, gerne m\u00f6chten wir wieder mit euch zusammen die Lanciers tanzen<br \/>\nca 16:00 Ende<\/p>\n<p>Es k\u00f6nnen jederzeit noch \u00c4nderungen vorkommen.<\/p>\n<p>Wir bitten wir euch, zusammen mit eurer Anmelung auch die Mittagessen zu bestellen, da wir diese sammeln und geb\u00fcndelt an Thomas Kohl weiterleiten werden.<\/p>\n<p>Wir w\u00fcnschen uns viele Anmeldungen von euch. Die Schulung ist nat\u00fcrlich in Tracht.<br \/>\nWir bitten um eure Anmeldung per email oder Whatsapp bis zum 25. M\u00e4rz 2020!<\/p>\n<p>Mit freundlichen Trachtengr\u00fc\u00dfen<\/p>\n<p>Eure Vort\u00e4nzer<br \/>\nFlorian und Bianca<\/p>\n<p>Florian Kre\u00df<br \/>\n09723\/1291<br \/>\n0175\/5815408<br \/>\n<a href=\"mailto:tanz1@tv-ufr.de\">Email<\/a><\/p>\n<p>Bianca Sch\u00f6nig<br \/>\n09321\/1300986<br \/>\n0151\/52504427<br \/>\n<a href=\"mailto:tanz2@tv-ufr.de\">Email<\/a><\/p>\n","protected":false},"excerpt":{"rendered":"<p>Fr\u00fchjahrsschulung des Trachtenverbands Unterfranken am 04.04.20 in Waizenbach i.Ufr. Im Gemeinschaftshaus Waizenbach Neue Stra\u00dfe 4, 97797 Wartmannsroth-Waizenbach Samstag 04.04.2020 ab 09:15 Uhr &nbsp; Liebe Vort\u00e4nzer\/innen, liebe Tanzbegeisterte und Interessierte, wir, Florian und Bianca, m\u00f6chten Euch recht herzlich zu unserer Fr\u00fchjarsschulung mit Wahlen der Gau-Vort\u00e4nzer in Waizenbach einladen. An diesem Samstag werden wir die beiden Posten &hellip; <a href=\"https:\/\/www.trachtenverband-unterfranken.de\/?p=5522\" class=\"more-link\"><span class=\"screen-reader-text\">Einladung zur Fr\u00fchjahrsschulung<\/span> weiterlesen<\/a><\/p>\n","protected":false},"author":7,"featured_media":0,"comment_status":"closed","ping_status":"closed","sticky":false,"template":"","format":"standard","meta":{"footnotes":""},"categories":[1,7,12],"tags":[122,73],"_links":{"self":[{"href":"https:\/\/www.trachtenverband-unterfranken.de\/index.php?rest_route=\/wp\/v2\/posts\/5522"}],"collection":[{"href":"https:\/\/www.trachtenverband-unterfranken.de\/index.php?rest_route=\/wp\/v2\/posts"}],"about":[{"href":"https:\/\/www.trachtenverband-unterfranken.de\/index.php?rest_route=\/wp\/v2\/types\/post"}],"author":[{"embeddable":true,"href":"https:\/\/www.trachtenverband-unterfranken.de\/index.php?rest_route=\/wp\/v2\/users\/7"}],"replies":[{"embeddable":true,"href":"https:\/\/www.trachtenverband-unterfranken.de\/index.php?rest_route=%2Fwp%2Fv2%2Fcomments&post=5522"}],"version-history":[{"count":2,"href":"https:\/\/www.trachtenverband-unterfranken.de\/index.php?rest_route=\/wp\/v2\/posts\/5522\/revisions"}],"predecessor-version":[{"id":5524,"href":"https:\/\/www.trachtenverband-unterfranken.de\/index.php?rest_route=\/wp\/v2\/posts\/5522\/revisions\/5524"}],"wp:attachment":[{"href":"https:\/\/www.trachtenverband-unterfranken.de\/index.php?rest_route=%2Fwp%2Fv2%2Fmedia&parent=5522"}],"wp:term":[{"taxonomy":"category","embeddable":true,"href":"https:\/\/www.trachtenverband-unterfranken.de\/index.php?rest_route=%2Fwp%2Fv2%2Fcategories&post=5522"},{"taxonomy":"post_tag","embeddable":true,"href":"https:\/\/www.trachtenverband-unterfranken.de\/index.php?rest_route=%2Fwp%2Fv2%2Ftags&post=5522"}],"curies":[{"name":"wp","href":"https:\/\/api.w.org\/{rel}","templated":true}]}}