{"id":5525,"date":"2020-03-09T20:15:30","date_gmt":"2020-03-09T19:15:30","guid":{"rendered":"http:\/\/www.trachtenverband-unterfranken.de\/?p=5525"},"modified":"2020-03-09T20:15:30","modified_gmt":"2020-03-09T19:15:30","slug":"fruehjahrstagung-der-jugendleiter","status":"publish","type":"post","link":"https:\/\/www.trachtenverband-unterfranken.de\/?p=5525","title":{"rendered":"Fr\u00fchjahrstagung der Jugendleiter"},"content":{"rendered":"<h4 style=\"text-align: center;\">Fr\u00fchjahrstagung der<img loading=\"lazy\" decoding=\"async\" class=\"alignright wp-image-5513 size-full\" src=\"https:\/\/www.trachtenverband-unterfranken.de\/wp-content\/uploads\/2020\/03\/49614_100001622100372_7573_n.jpg\" alt=\"\" width=\"200\" height=\"283\" \/><br \/>\nJugendleiter des<br \/>\nTrachtenverbands Unterfranken<br \/>\nam 04.04.20 in Waizenbach i.Ufr.<\/h4>\n<p>&nbsp;<\/p>\n<p>Liebe Jugendleiter\/innen und aktive Trachtler,<br \/>\nwir laden Euch herzlich am 04.04.2020 zu unserer diesj\u00e4hrigen Fr\u00fchjahrstagung der<br \/>\nJugendleiter ein.<\/p>\n<p>Gemeinschaftshaus Waizenbach, Neue Stra\u00dfe 4 ,97797 Wartmannsroth-Waizenbach<br \/>\n(Parken am Haus m\u00f6glich)<\/p>\n<p>Raumverteilung:<br \/>\n* Gro\u00dfer Saal mit B\u00fchne: Vort\u00e4nzer<br \/>\n* Vereinszimmer: Jugend<br \/>\n* Bar: MuBraLa<br \/>\n* Kegelbahn: Trachtenwarte<\/p>\n<p>Programm:<br \/>\n09:30 Uhr &#8211; Andacht in der Kirche von Waizenbach (Herzliche Einladung)<br \/>\nGestaltung Thomas Kohl und Albert Hein.<br \/>\n10:30 &#8211; 12:30 Uhr<br \/>\n&#8211; Neues aus dem Verband, Unterfranken und Bayern<br \/>\n&#8211; Bildung eines Wahlausschusses<br \/>\n&#8211; Neuwahlen der Sachausschussvorsitzenden und ggf. Stellvertreter<br \/>\n12:30 &#8211; 13:30 Uhr Mittagessen im gro\u00dfen Saal<br \/>\n13:30 &#8211; ca.16.00 Fortsetzung der Schulungen, danach Ende<\/p>\n<p>Wir bitten um schriftliche An- oder Abmeldung durch R\u00fccksendung des Meldebogens mit Essensbestellung bis zum 15.03.2020 an Gaujugendvertreterin Inge Burkhard-Vatterodt, per Mail oder Telefon.<br \/>\nDer Umwelt zuliebe empfehlen wir, f\u00fcr die Anreise \u00f6ffentliche Verkehrsmittel zu verwenden oder bildet, wenn nicht anders m\u00f6glich, Fahrgemeinschaften.<\/p>\n<p>Mit freundlichen Trachtengr\u00fc\u00dfen,<br \/>\nInge, Melanie und Sabine<\/p>\n<p>Inge Burkhard-Vatterodt<br \/>\n<a href=\"http:\/\/inge.burkhard-vatterodt@tv-ufr.de\" target=\"_blank\" rel=\"noopener\">Email<\/a><br \/>\nTelefon 09721 \/ 607 21<br \/>\nMobil 0171 \/ 3024491<\/p>\n","protected":false},"excerpt":{"rendered":"<p>Fr\u00fchjahrstagung der Jugendleiter des Trachtenverbands Unterfranken am 04.04.20 in Waizenbach i.Ufr. &nbsp; Liebe Jugendleiter\/innen und aktive Trachtler, wir laden Euch herzlich am 04.04.2020 zu unserer diesj\u00e4hrigen Fr\u00fchjahrstagung der Jugendleiter ein. Gemeinschaftshaus Waizenbach, Neue Stra\u00dfe 4 ,97797 Wartmannsroth-Waizenbach (Parken am Haus m\u00f6glich) Raumverteilung: * Gro\u00dfer Saal mit B\u00fchne: Vort\u00e4nzer * Vereinszimmer: Jugend * Bar: MuBraLa * &hellip; <a href=\"https:\/\/www.trachtenverband-unterfranken.de\/?p=5525\" class=\"more-link\"><span class=\"screen-reader-text\">Fr\u00fchjahrstagung der Jugendleiter<\/span> weiterlesen<\/a><\/p>\n","protected":false},"author":7,"featured_media":0,"comment_status":"closed","ping_status":"closed","sticky":false,"template":"","format":"standard","meta":{"footnotes":""},"categories":[1,13,7],"tags":[101,122],"_links":{"self":[{"href":"https:\/\/www.trachtenverband-unterfranken.de\/index.php?rest_route=\/wp\/v2\/posts\/5525"}],"collection":[{"href":"https:\/\/www.trachtenverband-unterfranken.de\/index.php?rest_route=\/wp\/v2\/posts"}],"about":[{"href":"https:\/\/www.trachtenverband-unterfranken.de\/index.php?rest_route=\/wp\/v2\/types\/post"}],"author":[{"embeddable":true,"href":"https:\/\/www.trachtenverband-unterfranken.de\/index.php?rest_route=\/wp\/v2\/users\/7"}],"replies":[{"embeddable":true,"href":"https:\/\/www.trachtenverband-unterfranken.de\/index.php?rest_route=%2Fwp%2Fv2%2Fcomments&post=5525"}],"version-history":[{"count":1,"href":"https:\/\/www.trachtenverband-unterfranken.de\/index.php?rest_route=\/wp\/v2\/posts\/5525\/revisions"}],"predecessor-version":[{"id":5526,"href":"https:\/\/www.trachtenverband-unterfranken.de\/index.php?rest_route=\/wp\/v2\/posts\/5525\/revisions\/5526"}],"wp:attachment":[{"href":"https:\/\/www.trachtenverband-unterfranken.de\/index.php?rest_route=%2Fwp%2Fv2%2Fmedia&parent=5525"}],"wp:term":[{"taxonomy":"category","embeddable":true,"href":"https:\/\/www.trachtenverband-unterfranken.de\/index.php?rest_route=%2Fwp%2Fv2%2Fcategories&post=5525"},{"taxonomy":"post_tag","embeddable":true,"href":"https:\/\/www.trachtenverband-unterfranken.de\/index.php?rest_route=%2Fwp%2Fv2%2Ftags&post=5525"}],"curies":[{"name":"wp","href":"https:\/\/api.w.org\/{rel}","templated":true}]}}