{"id":5556,"date":"2020-05-13T22:55:50","date_gmt":"2020-05-13T20:55:50","guid":{"rendered":"http:\/\/www.trachtenverband-unterfranken.de\/?p=5556"},"modified":"2020-05-13T22:55:50","modified_gmt":"2020-05-13T20:55:50","slug":"unser-adi-wurde-80","status":"publish","type":"post","link":"https:\/\/www.trachtenverband-unterfranken.de\/?p=5556","title":{"rendered":"Unser Adi wurde 80"},"content":{"rendered":"<p>Unser Gauehrenmitglied Adi M\u00fcller vom Trachtenverein W\u00fcrzburg wurde am 13.05.2020 80 Jahre alt.<\/p>\n<p>Stellv. Gauvorstand Kurt Weber gratulierte im Namen des Trachtenverbandes und \u00fcberreichte einen Pr\u00e4sentkorb. Aufgrund der Corona Schutz Ma\u00dfnahmen trugen beide brav ihre Mund-Nasen-Masken.<\/p>\n<figure id=\"attachment_5557\" aria-describedby=\"caption-attachment-5557\" style=\"width: 660px\" class=\"wp-caption alignnone\"><img loading=\"lazy\" decoding=\"async\" class=\"wp-image-5557 size-large\" src=\"https:\/\/www.trachtenverband-unterfranken.de\/wp-content\/uploads\/2020\/05\/2020-05-13-80.-Geburtstag-Adi-M\u00fcller-1-667x500.jpeg\" alt=\"\" width=\"660\" height=\"495\" srcset=\"https:\/\/www.trachtenverband-unterfranken.de\/wp-content\/uploads\/2020\/05\/2020-05-13-80.-Geburtstag-Adi-M\u00fcller-1.jpeg 667w, https:\/\/www.trachtenverband-unterfranken.de\/wp-content\/uploads\/2020\/05\/2020-05-13-80.-Geburtstag-Adi-M\u00fcller-1-300x225.jpeg 300w\" sizes=\"(max-width: 660px) 100vw, 660px\" \/><figcaption id=\"caption-attachment-5557\" class=\"wp-caption-text\">Adi M\u00fcller und Kurt Weber<\/figcaption><\/figure>\n<p>Adi M\u00fcller ist seit seiner Kindheit Trachtler durch und durch. Auf allen Bayerischen Ebenen ist er bekannt und gesch\u00e4tzt. Er war Vorsitzender im Bezirk Unterfranken, Vorsitzender in der Vereinigung links der Donau und stellvertretender Landesvorsitzender des Bayerischen Trachtenverbandes. Viele Jahre setzte er sich f\u00fcr die Abrechnung des Staatszuschusses f\u00fcr Trachtenbeschaffungen ein.<\/p>\n<p>Lieber Adi, alles Gute und bleib gesund!<\/p>\n<p>Mit freundlichen Gr\u00fc\u00dfen<\/p>\n<p>Oliver Brust<br \/>\nTrachtenverband Unterfranken e.V.<br \/>\nVorsitzender<\/p>\n","protected":false},"excerpt":{"rendered":"<p>Unser Gauehrenmitglied Adi M\u00fcller vom Trachtenverein W\u00fcrzburg wurde am 13.05.2020 80 Jahre alt. Stellv. Gauvorstand Kurt Weber gratulierte im Namen des Trachtenverbandes und \u00fcberreichte einen Pr\u00e4sentkorb. Aufgrund der Corona Schutz Ma\u00dfnahmen trugen beide brav ihre Mund-Nasen-Masken. Adi M\u00fcller ist seit seiner Kindheit Trachtler durch und durch. Auf allen Bayerischen Ebenen ist er bekannt und gesch\u00e4tzt. &hellip; <a href=\"https:\/\/www.trachtenverband-unterfranken.de\/?p=5556\" class=\"more-link\"><span class=\"screen-reader-text\">Unser Adi wurde 80<\/span> weiterlesen<\/a><\/p>\n","protected":false},"author":7,"featured_media":0,"comment_status":"closed","ping_status":"closed","sticky":false,"template":"","format":"standard","meta":{"footnotes":""},"categories":[1],"tags":[132,86],"_links":{"self":[{"href":"https:\/\/www.trachtenverband-unterfranken.de\/index.php?rest_route=\/wp\/v2\/posts\/5556"}],"collection":[{"href":"https:\/\/www.trachtenverband-unterfranken.de\/index.php?rest_route=\/wp\/v2\/posts"}],"about":[{"href":"https:\/\/www.trachtenverband-unterfranken.de\/index.php?rest_route=\/wp\/v2\/types\/post"}],"author":[{"embeddable":true,"href":"https:\/\/www.trachtenverband-unterfranken.de\/index.php?rest_route=\/wp\/v2\/users\/7"}],"replies":[{"embeddable":true,"href":"https:\/\/www.trachtenverband-unterfranken.de\/index.php?rest_route=%2Fwp%2Fv2%2Fcomments&post=5556"}],"version-history":[{"count":1,"href":"https:\/\/www.trachtenverband-unterfranken.de\/index.php?rest_route=\/wp\/v2\/posts\/5556\/revisions"}],"predecessor-version":[{"id":5558,"href":"https:\/\/www.trachtenverband-unterfranken.de\/index.php?rest_route=\/wp\/v2\/posts\/5556\/revisions\/5558"}],"wp:attachment":[{"href":"https:\/\/www.trachtenverband-unterfranken.de\/index.php?rest_route=%2Fwp%2Fv2%2Fmedia&parent=5556"}],"wp:term":[{"taxonomy":"category","embeddable":true,"href":"https:\/\/www.trachtenverband-unterfranken.de\/index.php?rest_route=%2Fwp%2Fv2%2Fcategories&post=5556"},{"taxonomy":"post_tag","embeddable":true,"href":"https:\/\/www.trachtenverband-unterfranken.de\/index.php?rest_route=%2Fwp%2Fv2%2Ftags&post=5556"}],"curies":[{"name":"wp","href":"https:\/\/api.w.org\/{rel}","templated":true}]}}