{"id":5572,"date":"2020-09-14T23:29:17","date_gmt":"2020-09-14T21:29:17","guid":{"rendered":"http:\/\/www.trachtenverband-unterfranken.de\/?p=5572"},"modified":"2020-09-14T23:29:17","modified_gmt":"2020-09-14T21:29:17","slug":"ehemaliger-gaumusikwart-peter-kluge-wurde-80","status":"publish","type":"post","link":"https:\/\/www.trachtenverband-unterfranken.de\/?p=5572","title":{"rendered":"Ehemaliger Gaumusikwart Peter Kluge wurde 80"},"content":{"rendered":"<p style=\"text-align: center;\"><img loading=\"lazy\" decoding=\"async\" class=\"alignnone size-medium wp-image-5573\" src=\"https:\/\/www.trachtenverband-unterfranken.de\/wp-content\/uploads\/2020\/09\/80-300x226.jpg\" alt=\"\" width=\"300\" height=\"226\" srcset=\"https:\/\/www.trachtenverband-unterfranken.de\/wp-content\/uploads\/2020\/09\/80-300x226.jpg 300w, https:\/\/www.trachtenverband-unterfranken.de\/wp-content\/uploads\/2020\/09\/80.jpg 563w\" sizes=\"(max-width: 300px) 100vw, 300px\" \/><\/p>\n<p>Am 14.09.2020 konnte Gauvorstand Oliver Brust dem ehemaligen Gaumusikwart des Trachtenverband Unterfranken e.V. <strong>Peter Kluge<\/strong> herzlich zum <strong>80. Geburtstag<\/strong> gratulieren und im Namen des Gaus einen Pr\u00e4sentkorb \u00fcberreichen.<\/p>\n<p>Peter war von 1995-2011 f\u00fcr die Volksmusikpflege in unserem Gau zust\u00e4ndig.<\/p>\n<p>Besonders gefreut hat er sich, dass zwei ehemalige Trompeter der Volksmusikgruppe die Galderschummer Schlapperflicker ihm zu Ehren ein kleines St\u00e4ndchen gespielt haben. Peter geh\u00f6rte der Gruppe von 1990 bis 2011 an und war mit den Schlapperflickern auf zahlreichen Festen und Veranstaltungen unterwegs gewesen.<\/p>\n<p>Selbst zum Akkordeon zu greifen und mit zuspielen ist Peter gesundheitlich nicht mehr m\u00f6glich. In den letzten Jahren war Peter noch als &#8222;Quetschenspieler&#8220; zum Wirtshaussingen in vielen Gastst\u00e4tten unterwegs und trotz seines Alters noch sehr aktiv.<\/p>\n<p>Wir w\u00fcnschen ihm alles Liebe und Gute.<\/p>\n<p>Oliver Brust<br \/>\n1. Gauvorstand<br \/>\nTrachtenverband Unterfranken e.V.<\/p>\n","protected":false},"excerpt":{"rendered":"<p>Am 14.09.2020 konnte Gauvorstand Oliver Brust dem ehemaligen Gaumusikwart des Trachtenverband Unterfranken e.V. Peter Kluge herzlich zum 80. Geburtstag gratulieren und im Namen des Gaus einen Pr\u00e4sentkorb \u00fcberreichen. Peter war von 1995-2011 f\u00fcr die Volksmusikpflege in unserem Gau zust\u00e4ndig. Besonders gefreut hat er sich, dass zwei ehemalige Trompeter der Volksmusikgruppe die Galderschummer Schlapperflicker ihm zu &hellip; <a href=\"https:\/\/www.trachtenverband-unterfranken.de\/?p=5572\" class=\"more-link\"><span class=\"screen-reader-text\">Ehemaliger Gaumusikwart Peter Kluge wurde 80<\/span> weiterlesen<\/a><\/p>\n","protected":false},"author":7,"featured_media":0,"comment_status":"closed","ping_status":"closed","sticky":false,"template":"","format":"standard","meta":{"footnotes":""},"categories":[1,4],"tags":[138,86],"_links":{"self":[{"href":"https:\/\/www.trachtenverband-unterfranken.de\/index.php?rest_route=\/wp\/v2\/posts\/5572"}],"collection":[{"href":"https:\/\/www.trachtenverband-unterfranken.de\/index.php?rest_route=\/wp\/v2\/posts"}],"about":[{"href":"https:\/\/www.trachtenverband-unterfranken.de\/index.php?rest_route=\/wp\/v2\/types\/post"}],"author":[{"embeddable":true,"href":"https:\/\/www.trachtenverband-unterfranken.de\/index.php?rest_route=\/wp\/v2\/users\/7"}],"replies":[{"embeddable":true,"href":"https:\/\/www.trachtenverband-unterfranken.de\/index.php?rest_route=%2Fwp%2Fv2%2Fcomments&post=5572"}],"version-history":[{"count":6,"href":"https:\/\/www.trachtenverband-unterfranken.de\/index.php?rest_route=\/wp\/v2\/posts\/5572\/revisions"}],"predecessor-version":[{"id":5579,"href":"https:\/\/www.trachtenverband-unterfranken.de\/index.php?rest_route=\/wp\/v2\/posts\/5572\/revisions\/5579"}],"wp:attachment":[{"href":"https:\/\/www.trachtenverband-unterfranken.de\/index.php?rest_route=%2Fwp%2Fv2%2Fmedia&parent=5572"}],"wp:term":[{"taxonomy":"category","embeddable":true,"href":"https:\/\/www.trachtenverband-unterfranken.de\/index.php?rest_route=%2Fwp%2Fv2%2Fcategories&post=5572"},{"taxonomy":"post_tag","embeddable":true,"href":"https:\/\/www.trachtenverband-unterfranken.de\/index.php?rest_route=%2Fwp%2Fv2%2Ftags&post=5572"}],"curies":[{"name":"wp","href":"https:\/\/api.w.org\/{rel}","templated":true}]}}