{"id":5585,"date":"2020-09-29T02:37:01","date_gmt":"2020-09-29T00:37:01","guid":{"rendered":"http:\/\/www.trachtenverband-unterfranken.de\/?p=5585"},"modified":"2020-10-15T20:53:25","modified_gmt":"2020-10-15T18:53:25","slug":"gauversammlung","status":"publish","type":"post","link":"https:\/\/www.trachtenverband-unterfranken.de\/?p=5585","title":{"rendered":"Gauversammlung 24.10.2020 &#8211; Achtung: Wegen Corona in Heimbuchenthal"},"content":{"rendered":"<p>Liebe Trachtenfreunde,<\/p>\n<p>die Region Stadt und Landkreis Schweinfurt sind zum Corona Hotspot erkl\u00e4rt worden. Daher kann die Gauversammlung nicht in Geldersheim stattfinden. Der Trachtenverein Heimbuchental hat ein sehr gro\u00dfes Vereinsheim, in dem wir mit entsprechendem Abstand unsere Versammlung stattfinden lassen k\u00f6nnen.<\/p>\n<p>Daher lade ich Euch nun ebenso herzlich zur Gauversammlung mit Neuwahlen nach Heimbuchental ein.<\/p>\n<p style=\"text-align: center;\"><strong> SAMSTAG den 24.10.2020 um 13.30 Uhr<\/strong><\/p>\n<p style=\"text-align: center;\"><strong>Vereinsheim Heimbuchenthal<\/strong><\/p>\n<p style=\"text-align: center;\"><strong>Schie\u00dfecke 16 <\/strong><\/p>\n<p style=\"text-align: center;\"><strong>in 63872 Heimbuchenthal<\/strong><\/p>\n<p>Folgende Tagesordnungspunkte werden bekannt gegeben:<\/p>\n<ol>\n<li>Begr\u00fc\u00dfung, Totenehrung, Trachtenhymne<\/li>\n<li>Genehmigung des Protokolls der Gauversammlung am 13.04.2019 in Sommerhausen (Kopie wurde im April bereits versandt)<\/li>\n<li>Bericht des ersten Vorsitzenden Oliver Brust<\/li>\n<li>Bericht des zweiten Vorsitzenden Marcus M\u00fcller<\/li>\n<li>Bericht des dritten Vorsitzenden Kurt Weber<\/li>\n<li>Kassenbericht<\/li>\n<li>Berichte der Jugend und der Sachgebiete:\n<ol>\n<li>Jugend<\/li>\n<li>Vort\u00e4nzer<\/li>\n<li>Trachtenforschung und \u2013pflege<\/li>\n<li>Mundart-Brauchtum-Laienspiel<\/li>\n<li>Volksmusik<\/li>\n<li>Presse<\/li>\n<\/ol>\n<\/li>\n<li>Bericht der Kassenrevisoren<\/li>\n<li>Beschluss \u00fcber Erh\u00f6hung des Gaubeitrags\n<ul>\n<li>Vorgeschlagen wird eine Erh\u00f6hung von EUR 46,02 auf EUR 70,00 je Verein, zzgl. EUR 0,30 je Mitglied<\/li>\n<\/ul>\n<\/li>\n<li>Entlastung der Vorstandschaft<\/li>\n<li>Neuwahl der Vorstandschaft<\/li>\n<li>Bericht \u00fcber das Haus des Dialekts in B\u00fcchold<\/li>\n<li>Verschiedenes, Termine<\/li>\n<\/ol>\n<p>Bitte kommt zur Veranstaltung wie gewohnt in Tracht.<\/p>\n<p>Zu zwei Tagesordnungspunkten m\u00f6chte ich im Vorfeld der Versammlung n\u00e4her eingehen:<\/p>\n<p><strong>Thema Beitragserh\u00f6hung<\/strong>:<\/p>\n<p>Vom Beitrag, den Ihr j\u00e4hrlich an uns abf\u00fchrt, bleiben f\u00fcr den Gau nur je Verein EUR 46,02. Die anderen Teilbetr\u00e4ge werden an den Dachverband weitergeleitet:<\/p>\n<p>Jugendbeitrag EUR 10,00 je Verein<br \/>\nGemabeitrag EUR 43,14 je Verein<br \/>\nDt. Trachtenverband EUR 3,50 je Verein<br \/>\nBayerischer Trachtenverband EUR 1,50 je Mitglied<\/p>\n<p>Der eigentliche Beitrag f\u00fcr den Gau von urspr\u00fcnglich DM 90,00 = EUR 46,02 ist seit Jahren unver\u00e4ndert. Die Aufgaben des Gauverbandes sind aber vielf\u00e4ltiger geworden und die Teilnahme an Versammlungen\/Schulungen\/repr\u00e4sentativen Terminen ist bzgl. der Verwaltungs- und Fahrtkosten teurer geworden. Daher ist eine Anpassung des Gaubeitrages unumg\u00e4nglich geworden.<\/p>\n<p>Unser Vorschlag ab dem Jahr 2021 lautet deshalb:<\/p>\n<p>Von jedem Trachtenverein soll einen Sockelbetrag von 70,- EURO und<br \/>\nzus\u00e4tzlich pro Mitglied 0,30 Euro f\u00fcr den Gauverband eingezogen werden.<\/p>\n<p>Das erg\u00e4be nach den Mitgliedszahlen vom 31.12.2019 einen Beitrag von 3.173,80 EURO. Im Jahr 2019 haben wir ein Minus von 3.658,52 EURO in der Gaukasse erwirtschaftet. Gleichzeitig sind wir mit dem Bezirk Unterfranken in Verhandlungen um einen j\u00e4hrlichen Zuschuss f\u00fcr unsere gemeinsamen Projekte mit dem Bayrischen Trachtenverband zu erhalten. Wir vertreten da insbesondere den Regierungsbezirk Unterfranken.<\/p>\n<p><strong>Thema Neuwahlen<\/strong>:<\/p>\n<p>Wie bereits in der vergangenen Gauversammlung angek\u00fcndigt, werde ich mein Amt als 1. Gauvorstand nicht weiterf\u00fchren. Auch der 2. Gauvorstand Marcus M\u00fcller hat angek\u00fcndigt, nicht mehr zu kandidieren. Wir f\u00fchren derzeit bereits Gespr\u00e4che um Nachfolgekandidaten zu finden. Dennoch bitten wir Euch um Zuarbeit bei der Kandidatensuche und stehen f\u00fcr konstruktive Gespr\u00e4che im Vorfeld gerne zur Verf\u00fcgung. Bis jetzt stehen f\u00fcr die 3 Vorstandsposten (1., 2. und 3. Vorstand) folgende Kandidaten\/innen zur Verf\u00fcgung: Kurt Weber (Sommerhausen) und Inge Burkhardt-Vatterodt (Sennfeld). Wir brauchen also noch mindestens einen Kandidaten\/eine Kandidatin.<\/p>\n<p><strong>Corona-Hinweis<\/strong>:<\/p>\n<p>Bitte nehmt an der Versammlung nur teil, wenn ihr keine Erk\u00e4ltungssymptome habt und nicht an Covid-19 erkrankt seid bzw. in den Tagen vor der Versammlung keinen Kontakt zu einem Covid-19-Erkrankten hattet. Bitte die \u00fcblichen Hygieneregeln (Mund-Nasen-Schutz-Maske aufsetzen (nur am Sitzplatz abnehmen), H\u00e4nde waschen und desinfizieren, Abstand 1,5 m einhalten).<\/p>\n<p>Mit freundlichen Gr\u00fc\u00dfen<\/p>\n<p>Oliver Brust<\/p>\n<p>Trachtenverband Unterfranken e.V.<br \/>\n1. Vorsitzender<br \/>\nUnterdorf 29<br \/>\n97505 Geldersheim<br \/>\n09721\/802423<br \/>\n0160-2455067<br \/>\noliver.brust@tv-ufr.de<\/p>\n","protected":false},"excerpt":{"rendered":"<p>Liebe Trachtenfreunde, die Region Stadt und Landkreis Schweinfurt sind zum Corona Hotspot erkl\u00e4rt worden. Daher kann die Gauversammlung nicht in Geldersheim stattfinden. Der Trachtenverein Heimbuchental hat ein sehr gro\u00dfes Vereinsheim, in dem wir mit entsprechendem Abstand unsere Versammlung stattfinden lassen k\u00f6nnen. Daher lade ich Euch nun ebenso herzlich zur Gauversammlung mit Neuwahlen nach Heimbuchental ein. &hellip; <a href=\"https:\/\/www.trachtenverband-unterfranken.de\/?p=5585\" class=\"more-link\"><span class=\"screen-reader-text\">Gauversammlung 24.10.2020 &#8211; Achtung: Wegen Corona in Heimbuchenthal<\/span> weiterlesen<\/a><\/p>\n","protected":false},"author":7,"featured_media":0,"comment_status":"closed","ping_status":"closed","sticky":false,"template":"","format":"standard","meta":{"footnotes":""},"categories":[1,9,13,14,7,28,11,12],"tags":[21,45],"_links":{"self":[{"href":"https:\/\/www.trachtenverband-unterfranken.de\/index.php?rest_route=\/wp\/v2\/posts\/5585"}],"collection":[{"href":"https:\/\/www.trachtenverband-unterfranken.de\/index.php?rest_route=\/wp\/v2\/posts"}],"about":[{"href":"https:\/\/www.trachtenverband-unterfranken.de\/index.php?rest_route=\/wp\/v2\/types\/post"}],"author":[{"embeddable":true,"href":"https:\/\/www.trachtenverband-unterfranken.de\/index.php?rest_route=\/wp\/v2\/users\/7"}],"replies":[{"embeddable":true,"href":"https:\/\/www.trachtenverband-unterfranken.de\/index.php?rest_route=%2Fwp%2Fv2%2Fcomments&post=5585"}],"version-history":[{"count":4,"href":"https:\/\/www.trachtenverband-unterfranken.de\/index.php?rest_route=\/wp\/v2\/posts\/5585\/revisions"}],"predecessor-version":[{"id":5590,"href":"https:\/\/www.trachtenverband-unterfranken.de\/index.php?rest_route=\/wp\/v2\/posts\/5585\/revisions\/5590"}],"wp:attachment":[{"href":"https:\/\/www.trachtenverband-unterfranken.de\/index.php?rest_route=%2Fwp%2Fv2%2Fmedia&parent=5585"}],"wp:term":[{"taxonomy":"category","embeddable":true,"href":"https:\/\/www.trachtenverband-unterfranken.de\/index.php?rest_route=%2Fwp%2Fv2%2Fcategories&post=5585"},{"taxonomy":"post_tag","embeddable":true,"href":"https:\/\/www.trachtenverband-unterfranken.de\/index.php?rest_route=%2Fwp%2Fv2%2Ftags&post=5585"}],"curies":[{"name":"wp","href":"https:\/\/api.w.org\/{rel}","templated":true}]}}