{"id":5607,"date":"2020-12-13T21:09:52","date_gmt":"2020-12-13T20:09:52","guid":{"rendered":"http:\/\/www.trachtenverband-unterfranken.de\/?p=5607"},"modified":"2020-12-13T21:09:52","modified_gmt":"2020-12-13T20:09:52","slug":"nachruf-fuer-peter-kluge","status":"publish","type":"post","link":"https:\/\/www.trachtenverband-unterfranken.de\/?p=5607","title":{"rendered":"Nachruf f\u00fcr Peter Kluge"},"content":{"rendered":"<p>S\u2018 Feieramd \u2013 das Tagwerk ist vollbracht<br \/>\nS geht alles seiner Heimat zu<br \/>\nGanz sachte schleicht die Nacht<\/p>\n<p><img loading=\"lazy\" decoding=\"async\" class=\"size-medium wp-image-5608 alignright\" src=\"https:\/\/www.trachtenverband-unterfranken.de\/wp-content\/uploads\/2020\/12\/Peter-Kluge-Gaumusikwart-225x300.jpg\" alt=\"\" width=\"225\" height=\"300\" srcset=\"https:\/\/www.trachtenverband-unterfranken.de\/wp-content\/uploads\/2020\/12\/Peter-Kluge-Gaumusikwart-225x300.jpg 225w, https:\/\/www.trachtenverband-unterfranken.de\/wp-content\/uploads\/2020\/12\/Peter-Kluge-Gaumusikwart.jpg 375w\" sizes=\"(max-width: 225px) 100vw, 225px\" \/><\/p>\n<p>Ja mit dem Feierabendlied haben wir zusammen mit Peter Kluge bei zahlreichen Auftritten der Galderschummer Schlapperflicker den Kehrausreigen beendet. Und nun ist auch Peters musikalisches Leben beendet.<\/p>\n<p>Wir nehmen Abschied von Peter Kluge, unserem Schlapperflickerkollegen, Vereinsmusiker im Verein f. Heimat- u. Brauchtumspflege Geldersheim und Ehrenmitglied und ehemaligen Gaumusikwart im Trachtenverband Unterfranken.<\/p>\n<p>Peter Kluge tat 1989 seinen ersten Schritt in die Gemeinschaft der Trachtler und begleitete eine gemeinsame Tanzgruppe von Schweinfurter, R\u00f6thleiner und Euerbacher Trachtlern bei einem Besuch in Schweinfurts Partnerstadt Chateaudun. In der gleichen Zeit gr\u00fcndete sich in Geldersheim die Volktanzgruppe und Peter wurde unser Galderschummer Vereinsmusiker. Er trat dem Verein 1993 bei. Er hat uns bis 2019 bei den Auftritten aufgespielt und zahlreiche Tanzproben zu einem geselligen Liederabend verwandelt. Selbst heuer im Sommer, als Vereinstreffen wieder m\u00f6glich waren, lie\u00df er es nicht nehmen mal wieder zu uns zur Tanzprobe zu kommen.<\/p>\n<p>1995 wurde er an der Bezirksversammlung des Trachtenverbandes Unterfranken in Reichenbach zum Gaumusikwart gew\u00e4hlt und begleitete dieses Ehrenamt bis zum Jahr 2011. In dieser Zeit organisierte er zahlreiche Musikantenschulungen f\u00fcr die Unterfr\u00e4nkischen Trachtenvereine und vertrat den Gauverband auf \u00fcber\u00f6rtlichen Veranstaltungen und Versammlungen des Bayerischen Trachtenverbandes. Er war \u00fcber die Grenzen Unterfrankens hinaus bekannt und sehr gesch\u00e4tzt. Bei zahlreichen Veranstaltungen trat er mit seinem Akkordeon zum Wirtshaussingen auf und brachte den Menschen Stimmung und Freude, wenn sie mit Herzenslust mit ihm zusammen singen konnten. Im Jahr 2012 ernannten ihn die Unterfr\u00e4nkischen Trachtler in dankbarer Anerkennung seiner musikalischen Lebensleistung zum Gauehrenmitglied.<\/p>\n<p>Neben seinem Wirken im Geldersheimer Heimatverein und dem Trachtenverband trat er bereits 1991 der Volksmusikgruppe \u201eDie Galderschummer Schlapperflicker\u201c bei, f\u00fcr die er bis 2011 das musikalische Herzst\u00fcck war. Er hat f\u00fcr die Schlapperflicker viele St\u00fccke geschrieben bzw. neu arrangiert. Legend\u00e4r waren die Auftritte an der Z\u00fcrchkirchweih in Schweinfurt, wo wir durch die Reihen gegangen sind und ohne Verst\u00e4rker Musik gemacht und gesungen haben. Bei fast jedem Auftritt der Schlapperflicker haben mir mit dem Musikst\u00fcck \u201eDer Humtscher\u201c begonnen, das Peter f\u00fcr uns arrangiert hat.<\/p>\n<p>Heuer im September zu seinem 80. Geburtstag haben ihm Musikkollegen der Galderschummer Schlapperflicker ein St\u00e4nderle gespielt. Er war zu Tr\u00e4nen ger\u00fchrt und freute sich sehr. Wir sprachen lange \u00fcber unsere gemeinsame Zeit und alles drehte sich um die Musik. Er bedauerte es sehr, dass er die Kraft und die Fingerfertigkeit nicht mehr hatte, auf seinem Akkordeon zu spielen. Seine Krankheit machte ihm einfach zu schaffen. Und schlie\u00dflich hat nun am 08.12.2020 sein Musikantenherz aufgeh\u00f6rt zu schlagen.<\/p>\n<p>Ja lieber Peter, s is Feieramd \u2013 Dein Tagwerk ist vollbracht!<br \/>\nWir alle werden dich in guter Erinnerung behalten und an Dich denken. Auch wenn dich heute aufgrund der Corona-Beschr\u00e4nkungen die Trachtler und Musikanten nicht auf deinem letzten Weg begleiten d\u00fcrfen und sich die Vereinsfahne und die Gaufahne nicht \u00fcber deinem Grab verneigen d\u00fcrfen, so sind wir im Herzen dabei. Ruhe sanft.<\/p>\n<p>In kameradschaftlicher Verbundenheit<br \/>\nOliver Brust<br \/>\nIm Namen der Trachtlerinnen und Trachtler aus Unterfranken sowie dem Verein f. Heimat- und Brauchtumspflege Geldersheim und der ehemaligen Volksmusikgruppe \u201eDie Galderschummer Schlapperflicker\u201c<\/p>\n","protected":false},"excerpt":{"rendered":"<p>S\u2018 Feieramd \u2013 das Tagwerk ist vollbracht S geht alles seiner Heimat zu Ganz sachte schleicht die Nacht Ja mit dem Feierabendlied haben wir zusammen mit Peter Kluge bei zahlreichen Auftritten der Galderschummer Schlapperflicker den Kehrausreigen beendet. Und nun ist auch Peters musikalisches Leben beendet. Wir nehmen Abschied von Peter Kluge, unserem Schlapperflickerkollegen, Vereinsmusiker im &hellip; <a href=\"https:\/\/www.trachtenverband-unterfranken.de\/?p=5607\" class=\"more-link\"><span class=\"screen-reader-text\">Nachruf f\u00fcr Peter Kluge<\/span> weiterlesen<\/a><\/p>\n","protected":false},"author":7,"featured_media":0,"comment_status":"closed","ping_status":"closed","sticky":false,"template":"","format":"standard","meta":{"footnotes":""},"categories":[1,76],"tags":[139],"_links":{"self":[{"href":"https:\/\/www.trachtenverband-unterfranken.de\/index.php?rest_route=\/wp\/v2\/posts\/5607"}],"collection":[{"href":"https:\/\/www.trachtenverband-unterfranken.de\/index.php?rest_route=\/wp\/v2\/posts"}],"about":[{"href":"https:\/\/www.trachtenverband-unterfranken.de\/index.php?rest_route=\/wp\/v2\/types\/post"}],"author":[{"embeddable":true,"href":"https:\/\/www.trachtenverband-unterfranken.de\/index.php?rest_route=\/wp\/v2\/users\/7"}],"replies":[{"embeddable":true,"href":"https:\/\/www.trachtenverband-unterfranken.de\/index.php?rest_route=%2Fwp%2Fv2%2Fcomments&post=5607"}],"version-history":[{"count":3,"href":"https:\/\/www.trachtenverband-unterfranken.de\/index.php?rest_route=\/wp\/v2\/posts\/5607\/revisions"}],"predecessor-version":[{"id":5611,"href":"https:\/\/www.trachtenverband-unterfranken.de\/index.php?rest_route=\/wp\/v2\/posts\/5607\/revisions\/5611"}],"wp:attachment":[{"href":"https:\/\/www.trachtenverband-unterfranken.de\/index.php?rest_route=%2Fwp%2Fv2%2Fmedia&parent=5607"}],"wp:term":[{"taxonomy":"category","embeddable":true,"href":"https:\/\/www.trachtenverband-unterfranken.de\/index.php?rest_route=%2Fwp%2Fv2%2Fcategories&post=5607"},{"taxonomy":"post_tag","embeddable":true,"href":"https:\/\/www.trachtenverband-unterfranken.de\/index.php?rest_route=%2Fwp%2Fv2%2Ftags&post=5607"}],"curies":[{"name":"wp","href":"https:\/\/api.w.org\/{rel}","templated":true}]}}