{"id":5635,"date":"2021-02-11T19:48:47","date_gmt":"2021-02-11T18:48:47","guid":{"rendered":"http:\/\/www.trachtenverband-unterfranken.de\/?p=5635"},"modified":"2021-02-11T19:48:47","modified_gmt":"2021-02-11T18:48:47","slug":"nachruf-fuer-adolf-geyer","status":"publish","type":"post","link":"https:\/\/www.trachtenverband-unterfranken.de\/?p=5635","title":{"rendered":"Nachruf f\u00fcr Adolf Geyer"},"content":{"rendered":"<p>Der Sennfelder Trachtenverein muss Abschied nehmen von seinem Ehrenmitglied <strong>Adolf Geyer<\/strong>, der am 09. Februar im Alter von 88 Jahren verstarb.<\/p>\n<p><img loading=\"lazy\" decoding=\"async\" class=\"alignright wp-image-5636 size-medium\" src=\"https:\/\/www.trachtenverband-unterfranken.de\/wp-content\/uploads\/2021\/02\/Adolf-200x300.jpg\" alt=\"\" width=\"200\" height=\"300\" srcset=\"https:\/\/www.trachtenverband-unterfranken.de\/wp-content\/uploads\/2021\/02\/Adolf-200x300.jpg 200w, https:\/\/www.trachtenverband-unterfranken.de\/wp-content\/uploads\/2021\/02\/Adolf.jpg 320w\" sizes=\"(max-width: 200px) 100vw, 200px\" \/><\/p>\n<p>Seit seinem Eintritt in den Trachtenverein 1949 hat unser Adolf seine ganze Kraft, sein Wissen und sein Organisationstalent dem Verein, auch insbesondere der Trachtenkapelle geschenkt.<\/p>\n<p>Als 2.Kassier war er schon 1973-1978 und als 1. Kassier von 1978-2013 dem Verein eine gro\u00dfe St\u00fctze.<\/p>\n<p>Sein ganzes Herz geh\u00f6rte seit 1950, seit der Gr\u00fcndung der Sennfelder Trachtenkapelle, seiner Musik als Schlagzeuger und S\u00e4nger. Als Organisator gab Adolf auch hier den Takt an. Unverkennbar, bei unz\u00e4hligen Festz\u00fcgen, war sein Klang auf der Marschtrommel.<\/p>\n<p>Beim Bau des Musikpodiums, der Bierh\u00fctte und der Kaffeebar zur Semflder Kirm sowie beim Bau unserer Trachtenhalle hatte Schreiner Adolf weit mehr als nur ma\u00dfgeblichen Anteil. Er spr\u00fchte immer voller Ideen und war bei jeder Veranstaltung mit vollem Herzen aktiv dabei.<\/p>\n<p>Der Sennfelder Trachtenverein und die Semflder Kirm haben Adolf Geyer unz\u00e4hliges zu verdanken. Vielen unserer verstorbenen Mitglieder hat Adolf zusammen mit seiner Hella zu einem w\u00fcrdevollen Abschied verholfen, genauso w\u00fcrdevoll wollen wir uns von Ihm verabschieden und Adolf ein ehrendes Gedenken bewahren.<\/p>\n<p>Vergelts Gott.<\/p>\n<p>Helmut B\u00fcschel<br \/>\n1. Vors. Trachtenverein Sennfeld<\/p>\n","protected":false},"excerpt":{"rendered":"<p>Der Sennfelder Trachtenverein muss Abschied nehmen von seinem Ehrenmitglied Adolf Geyer, der am 09. Februar im Alter von 88 Jahren verstarb. Seit seinem Eintritt in den Trachtenverein 1949 hat unser Adolf seine ganze Kraft, sein Wissen und sein Organisationstalent dem Verein, auch insbesondere der Trachtenkapelle geschenkt. Als 2.Kassier war er schon 1973-1978 und als 1. &hellip; <a href=\"https:\/\/www.trachtenverband-unterfranken.de\/?p=5635\" class=\"more-link\"><span class=\"screen-reader-text\">Nachruf f\u00fcr Adolf Geyer<\/span> weiterlesen<\/a><\/p>\n","protected":false},"author":7,"featured_media":0,"comment_status":"closed","ping_status":"closed","sticky":false,"template":"","format":"standard","meta":{"footnotes":""},"categories":[76],"tags":[],"_links":{"self":[{"href":"https:\/\/www.trachtenverband-unterfranken.de\/index.php?rest_route=\/wp\/v2\/posts\/5635"}],"collection":[{"href":"https:\/\/www.trachtenverband-unterfranken.de\/index.php?rest_route=\/wp\/v2\/posts"}],"about":[{"href":"https:\/\/www.trachtenverband-unterfranken.de\/index.php?rest_route=\/wp\/v2\/types\/post"}],"author":[{"embeddable":true,"href":"https:\/\/www.trachtenverband-unterfranken.de\/index.php?rest_route=\/wp\/v2\/users\/7"}],"replies":[{"embeddable":true,"href":"https:\/\/www.trachtenverband-unterfranken.de\/index.php?rest_route=%2Fwp%2Fv2%2Fcomments&post=5635"}],"version-history":[{"count":4,"href":"https:\/\/www.trachtenverband-unterfranken.de\/index.php?rest_route=\/wp\/v2\/posts\/5635\/revisions"}],"predecessor-version":[{"id":5640,"href":"https:\/\/www.trachtenverband-unterfranken.de\/index.php?rest_route=\/wp\/v2\/posts\/5635\/revisions\/5640"}],"wp:attachment":[{"href":"https:\/\/www.trachtenverband-unterfranken.de\/index.php?rest_route=%2Fwp%2Fv2%2Fmedia&parent=5635"}],"wp:term":[{"taxonomy":"category","embeddable":true,"href":"https:\/\/www.trachtenverband-unterfranken.de\/index.php?rest_route=%2Fwp%2Fv2%2Fcategories&post=5635"},{"taxonomy":"post_tag","embeddable":true,"href":"https:\/\/www.trachtenverband-unterfranken.de\/index.php?rest_route=%2Fwp%2Fv2%2Ftags&post=5635"}],"curies":[{"name":"wp","href":"https:\/\/api.w.org\/{rel}","templated":true}]}}