{"id":5644,"date":"2021-04-08T03:51:38","date_gmt":"2021-04-08T01:51:38","guid":{"rendered":"http:\/\/www.trachtenverband-unterfranken.de\/?p=5644"},"modified":"2021-04-08T03:51:38","modified_gmt":"2021-04-08T01:51:38","slug":"nachruf-fuer-wolfgang-goessmann","status":"publish","type":"post","link":"https:\/\/www.trachtenverband-unterfranken.de\/?p=5644","title":{"rendered":"Nachruf f\u00fcr Wolfgang G\u00f6\u00dfmann"},"content":{"rendered":"<p>Werte Trachtlerinnen und Trachtler<img loading=\"lazy\" decoding=\"async\" class=\"size-medium wp-image-5646 alignright\" src=\"https:\/\/www.trachtenverband-unterfranken.de\/wp-content\/uploads\/2021\/04\/Wolfgang-G\u00f6\u00dfmann-002-230x300.jpg\" alt=\"\" width=\"230\" height=\"300\" srcset=\"https:\/\/www.trachtenverband-unterfranken.de\/wp-content\/uploads\/2021\/04\/Wolfgang-G\u00f6\u00dfmann-002-230x300.jpg 230w, https:\/\/www.trachtenverband-unterfranken.de\/wp-content\/uploads\/2021\/04\/Wolfgang-G\u00f6\u00dfmann-002.jpg 384w\" sizes=\"(max-width: 230px) 100vw, 230px\" \/><\/p>\n<p>Der Sennfelder Trachtenverein muss Abschied von <strong>Wolfgang G\u00f6\u00dfmann<\/strong> nehmen.<\/p>\n<p>Die Mitglieder sind tief betroffen \u00fcber seinen pl\u00f6tzlichen Tod.<\/p>\n<p>Wolfgang hat den Verein von 2011-2013 als 2. Vorsitzender und seit 2013 als 2. Kassier im Ehrenamt unterst\u00fctzt.<\/p>\n<p>Mit ihm verliert der Verein einen hilfsbereiten, freundlichen, engagierten und wertvollen Kameraden und Freund.<\/p>\n<p>Wolfgang war immer bereit zu helfen und hat weit \u00fcber seine Verantwortung als 2. Kassier hinaus den Sennfelder Trachtenverein unterst\u00fctzt.<\/p>\n<p>Seine Zuverl\u00e4ssigkeit, sowohl in der Tanzgruppe als auch in der Vereinsverwaltung, wird schwer zu ersetzen sein.<\/p>\n<p>Lieber Wolfgang, vergelts Gott<\/p>\n<p>Helmut B\u00fcschel, 1.Vorsitzender<\/p>\n","protected":false},"excerpt":{"rendered":"<p>Werte Trachtlerinnen und Trachtler Der Sennfelder Trachtenverein muss Abschied von Wolfgang G\u00f6\u00dfmann nehmen. Die Mitglieder sind tief betroffen \u00fcber seinen pl\u00f6tzlichen Tod. Wolfgang hat den Verein von 2011-2013 als 2. Vorsitzender und seit 2013 als 2. Kassier im Ehrenamt unterst\u00fctzt. Mit ihm verliert der Verein einen hilfsbereiten, freundlichen, engagierten und wertvollen Kameraden und Freund. Wolfgang &hellip; <a href=\"https:\/\/www.trachtenverband-unterfranken.de\/?p=5644\" class=\"more-link\"><span class=\"screen-reader-text\">Nachruf f\u00fcr Wolfgang G\u00f6\u00dfmann<\/span> weiterlesen<\/a><\/p>\n","protected":false},"author":7,"featured_media":0,"comment_status":"closed","ping_status":"closed","sticky":false,"template":"","format":"standard","meta":{"footnotes":""},"categories":[1,76],"tags":[139,142],"_links":{"self":[{"href":"https:\/\/www.trachtenverband-unterfranken.de\/index.php?rest_route=\/wp\/v2\/posts\/5644"}],"collection":[{"href":"https:\/\/www.trachtenverband-unterfranken.de\/index.php?rest_route=\/wp\/v2\/posts"}],"about":[{"href":"https:\/\/www.trachtenverband-unterfranken.de\/index.php?rest_route=\/wp\/v2\/types\/post"}],"author":[{"embeddable":true,"href":"https:\/\/www.trachtenverband-unterfranken.de\/index.php?rest_route=\/wp\/v2\/users\/7"}],"replies":[{"embeddable":true,"href":"https:\/\/www.trachtenverband-unterfranken.de\/index.php?rest_route=%2Fwp%2Fv2%2Fcomments&post=5644"}],"version-history":[{"count":3,"href":"https:\/\/www.trachtenverband-unterfranken.de\/index.php?rest_route=\/wp\/v2\/posts\/5644\/revisions"}],"predecessor-version":[{"id":5648,"href":"https:\/\/www.trachtenverband-unterfranken.de\/index.php?rest_route=\/wp\/v2\/posts\/5644\/revisions\/5648"}],"wp:attachment":[{"href":"https:\/\/www.trachtenverband-unterfranken.de\/index.php?rest_route=%2Fwp%2Fv2%2Fmedia&parent=5644"}],"wp:term":[{"taxonomy":"category","embeddable":true,"href":"https:\/\/www.trachtenverband-unterfranken.de\/index.php?rest_route=%2Fwp%2Fv2%2Fcategories&post=5644"},{"taxonomy":"post_tag","embeddable":true,"href":"https:\/\/www.trachtenverband-unterfranken.de\/index.php?rest_route=%2Fwp%2Fv2%2Ftags&post=5644"}],"curies":[{"name":"wp","href":"https:\/\/api.w.org\/{rel}","templated":true}]}}