{"id":5649,"date":"2021-04-27T22:25:29","date_gmt":"2021-04-27T20:25:29","guid":{"rendered":"http:\/\/www.trachtenverband-unterfranken.de\/?p=5649"},"modified":"2021-04-27T22:25:29","modified_gmt":"2021-04-27T20:25:29","slug":"landesjugendausschuss","status":"publish","type":"post","link":"https:\/\/www.trachtenverband-unterfranken.de\/?p=5649","title":{"rendered":"Landesjugendausschuss"},"content":{"rendered":"<p>Hallo zusammen,<\/p>\n<p>ich war beim <strong>digitalen Landesjugendausschuss<\/strong> und m\u00f6chte euch gerne einen groben \u00dcberblick geben, was sich im Moment so tut und wie es in den n\u00e4chsten Monaten weitergeht <\/p>\n<p>Im Moment ist leider \u2013 wie seit gut einem Jahr \u2013 alles gepr\u00e4gt von den Einschr\u00e4nkungen der Pandemie.<\/p>\n<p>So wurden auch die Projekte \u201eHeimatkundeunterricht\u201c, \u201eMundART wertvoll\u201c und s\u00e4mtliche geplanten Pr\u00e4senz-Veranstaltungen auf Eis gelegt.<\/p>\n<p>Trotzdem tut sich was.<\/p>\n<p>Neben den <strong>Aktionen \u201eA Stern f\u00fcr di\u201c<\/strong> und der <strong>Faschingsvideo-Challenge<\/strong> wird aktuell gerade die Ersatz-Veranstaltung f\u00fcr das Jugendforum geplant.<br \/>\nHierzu nachher mehr.<\/p>\n<p>Bez\u00fcglich der Finanzen sieht es in der bayrischen Trachtenjugend ganz gut aus, wenn man bedenkt, dass das Jugendbildungshaus und auch der Zeltplatz im letzten Jahr die meiste Zeit geschlossen war. Dank strenger Sparma\u00dfnahmen, Kurzarbeit und \u00e4hnlichem konnte das Defizit hier auf knapp 29.000\u20ac eingeschr\u00e4nkt werden, wobei hiervon ca. die H\u00e4lfte f\u00fcr Mieten\/Pachten an den \u201eErwachsenenverband\u201c geht, also in der Trachtler-Kasse bleibt <\/p>\n<p>Die <strong>Jugendf\u00f6rderung vom Freistaat Bayern<\/strong> auf Basis der Jugenderhebung <strong>hat f\u00fcr 2020 keinen merklichen R\u00fcckgang der Kinder und Jugendlichen gezeigt<\/strong>, was daran liegen kann, dass das Jahr 2020 noch \u201enormal\u201c gestartet war. Die Auszahlungen an die Gaue ist nun erfolgt und n\u00e4chste Woche treffe ich mich mit der Sabine, dass wir die Auszahlung an die Vereine vorbereiten k\u00f6nnen.<\/p>\n<p>Zu den aktuellen Themen aus dem Bayrischen Jugendring hat Markus Hochlahner das Wichtigste der digitalen Vollversammlung (Dauer: 9:00 &#8211; 21:45 Uhr !!!) f\u00fcr uns zusammengefasst:<\/p>\n<p>Nach der Satzungs\u00e4nderung sind nun f\u00fcr den Bayrischen Jugendring, sowie die Bezirks- \/ Kreis- \/ Stadtjugendringe Online-Wahlen m\u00f6glich, so dass alle notwendigen Wahlen dieses Jahr stattfinden k\u00f6nnen.<br \/>\nEs gab sieben inhaltliche Antr\u00e4ge, allerdings ohne konkreten Bezug zur Trachtensache (u.a. wurde der Fokus auf \u201eUmwelt\u201c und \u201eKinder sind mehr als Sch\u00fcler\u201c festgelegt.)<\/p>\n<p>Meine Bitte hier an euch:<\/p>\n<p><strong>Bitte nehmt euer Vertretungsrecht f\u00fcr die bayrische Trachtenjugend in euren Kreis- und Stadtjugendringen wahr<\/strong>, so dass wir hier gut aufgestellt sind und m\u00f6gliche \u00c4nderungen mitbekommen. Danke!<\/p>\n<p>Interessant war vor allem der inhaltliche Teil, welcher von einem externen Referenten (Michael Blatz) gestaltet wurde mit dem Thema:<\/p>\n<p><strong>Raus aus der Krise! Wie kann der Verein nach den Corona-Ma\u00dfnahmen wieder \u201ehochgefahren\u201c werden?<\/strong><\/p>\n<p>Hier ging es unter anderem darum, dass wir nicht warten d\u00fcrfen \u201ebis Corona vorbei ist\u201c, sondern dass wir uns jetzt aus der Schock-Starre l\u00f6sen m\u00fcssen und das Verbands- und Vereinsleben wieder starten.<br \/>\nDen gleichen <strong>Vortrag<\/strong> gibt es bei der geplanten <strong>Ersatz-Veranstaltung zum<\/strong> <strong>Jugendforum am 8.5.21<\/strong> und ich kann euch den Vortrag (inkl. Workshop) wirklich ans Herz legen!<\/p>\n<p>Wie soll diese Ersatz-Veranstaltung f\u00fcr das Jugendforum am 8. Mai 2021 ablaufen?<\/p>\n<p>Es wird sich um eine digitale Veranstaltung mit drei Bl\u00f6cken handeln:<\/p>\n<p><strong>*<\/strong> 09:30 bis 11:30 Uhr: Cybermobbing bei Jugendlichen \u2013 was l\u00e4uft falsch?<br \/>\n<strong>*<\/strong> 12:00 bis 14:00 Uhr: Was uns auf den N\u00e4geln brennt \u2013 Diskussionsrunde f\u00fcr Vereine mit dem Vorstand der Bayrischen Trachtenjugend<br \/>\n<strong>*<\/strong> 14:00 bis 16:00 Uhr: Raus aus dem Corona Tief \u2013 Was kann ich in meinem Verein tun?<\/p>\n<p><strong>Anmeldung bitte per Email<\/strong> an <a href=\"info@trachtenjugend.bayern\">info@trachtenjugend.bayern<\/a> senden und mich in Kopie nehmen, damit ich einen \u00dcberblick habe, wer von Unterfranken teilnimmt.<\/p>\n<p>Ich selbst kann leider nicht teilnehmen, da an diesem Tag die Fr\u00fchjahrs-Vollversammlung vom Bezirksjugendring Unterfranken ist. \u2639<\/p>\n<p>Im Nachgang w\u00fcrde ich gerne mit euch eine <strong>digitale Fr\u00fchjahrstagung<\/strong> machen, bei der wir uns schwerpunktm\u00e4\u00dfig mit diesem Thema besch\u00e4ftigen k\u00f6nnen.<\/p>\n<p>Also \u2013 was brauchen wir f\u00fcr unsere Vereine in Unterfranken und auch f\u00fcr die Gaujugend an Motivation \u2013 wer sind wir, was wollen wir eigentlich und welche Ideen haben wir, um unser Vereinsleben auch in der Pandemie wieder aufleben zu lassen.<\/p>\n<p>Ich w\u00fcrde mich freuen, wenn ihr Interesse habt und wir hier gemeinsam etwas auf die Beine stellen k\u00f6nnen!<\/p>\n<p>Soweit f\u00fcr heute \u2013 bleibt alle gesund!<\/p>\n<p>Viele Gr\u00fc\u00dfe,<br \/>\nMelanie<\/p>\n","protected":false},"excerpt":{"rendered":"<p>Hallo zusammen, ich war beim digitalen Landesjugendausschuss und m\u00f6chte euch gerne einen groben \u00dcberblick geben, was sich im Moment so tut und wie es in den n\u00e4chsten Monaten weitergeht Im Moment ist leider \u2013 wie seit gut einem Jahr \u2013 alles gepr\u00e4gt von den Einschr\u00e4nkungen der Pandemie. So wurden auch die Projekte \u201eHeimatkundeunterricht\u201c, \u201eMundART wertvoll\u201c &hellip; <a href=\"https:\/\/www.trachtenverband-unterfranken.de\/?p=5649\" class=\"more-link\"><span class=\"screen-reader-text\">Landesjugendausschuss<\/span> weiterlesen<\/a><\/p>\n","protected":false},"author":7,"featured_media":0,"comment_status":"closed","ping_status":"closed","sticky":false,"template":"","format":"standard","meta":{"footnotes":""},"categories":[13,7],"tags":[143,145,144],"_links":{"self":[{"href":"https:\/\/www.trachtenverband-unterfranken.de\/index.php?rest_route=\/wp\/v2\/posts\/5649"}],"collection":[{"href":"https:\/\/www.trachtenverband-unterfranken.de\/index.php?rest_route=\/wp\/v2\/posts"}],"about":[{"href":"https:\/\/www.trachtenverband-unterfranken.de\/index.php?rest_route=\/wp\/v2\/types\/post"}],"author":[{"embeddable":true,"href":"https:\/\/www.trachtenverband-unterfranken.de\/index.php?rest_route=\/wp\/v2\/users\/7"}],"replies":[{"embeddable":true,"href":"https:\/\/www.trachtenverband-unterfranken.de\/index.php?rest_route=%2Fwp%2Fv2%2Fcomments&post=5649"}],"version-history":[{"count":1,"href":"https:\/\/www.trachtenverband-unterfranken.de\/index.php?rest_route=\/wp\/v2\/posts\/5649\/revisions"}],"predecessor-version":[{"id":5650,"href":"https:\/\/www.trachtenverband-unterfranken.de\/index.php?rest_route=\/wp\/v2\/posts\/5649\/revisions\/5650"}],"wp:attachment":[{"href":"https:\/\/www.trachtenverband-unterfranken.de\/index.php?rest_route=%2Fwp%2Fv2%2Fmedia&parent=5649"}],"wp:term":[{"taxonomy":"category","embeddable":true,"href":"https:\/\/www.trachtenverband-unterfranken.de\/index.php?rest_route=%2Fwp%2Fv2%2Fcategories&post=5649"},{"taxonomy":"post_tag","embeddable":true,"href":"https:\/\/www.trachtenverband-unterfranken.de\/index.php?rest_route=%2Fwp%2Fv2%2Ftags&post=5649"}],"curies":[{"name":"wp","href":"https:\/\/api.w.org\/{rel}","templated":true}]}}