{"id":566,"date":"2008-10-15T16:59:49","date_gmt":"2008-10-15T15:59:49","guid":{"rendered":"http:\/\/trachtenverband-unterfranken.de\/wordpress\/?p=566"},"modified":"2008-10-15T16:59:49","modified_gmt":"2008-10-15T15:59:49","slug":"baa-%e2%80%93-schlenkerer","status":"publish","type":"post","link":"https:\/\/www.trachtenverband-unterfranken.de\/?p=566","title":{"rendered":"Baa \u2013 Schlenkerer"},"content":{"rendered":"<p><strong><\/strong>Aufstellung: Paarweise im Kreis, Scherenfassung, Paare<\/p>\n<p>hintereinander in Tanzrichtung.<\/p>\n<p>Figur 1: &#8211; 2 Mazurkaschritte in Tanzrichtung, mit dem<\/p>\n<p>\u00e4u\u00dferen Fu\u00df beginnend,<\/p>\n<p>&#8211; Bursch schwingt sein M\u00e4del in 6 Schritten<\/p>\n<p>rechts herum, dabei dreht sich der Bursch<\/p>\n<p>m\u00f6glichst auf der Stelle.<\/p>\n<p>&#8211; Figur insgesamt 4x.<\/p>\n<p>Figur 2: &#8211; 2 Mazurkaschritte in Tanzrichtung, mit dem<\/p>\n<p>\u00e4u\u00dferen Fu\u00df beginnend,<\/p>\n<p>&#8211; in 6 Schritten, ohne den Blickwinkel zu ver-<\/p>\n<p>&#8211; \u00e4ndern umeinander herum laufen, Bursch hinter dem M\u00e4del,<\/p>\n<p>&#8211; zur\u00fcck zur Scherenfassung.<\/p>\n<p>&#8211; Figur insgesamt 4x.<\/p>\n<p>Figur 3: &#8211; 2 Mazurkaschritte in Tanzrichtung, mit dem<\/p>\n<p>\u00e4u\u00dferen Fu\u00df beginnend,<\/p>\n<p>&#8211; einzeln 2 Drehungen nach au\u00dfen und zur\u00fcck<\/p>\n<p>zur Scherenfassung.<\/p>\n<p>&#8211; Figur insgesamt 4x.<\/p>\n","protected":false},"excerpt":{"rendered":"<p>Bezirkstanz Oberfranken<\/p>\n","protected":false},"author":1,"featured_media":0,"comment_status":"open","ping_status":"closed","sticky":false,"template":"","format":"standard","meta":{"footnotes":""},"categories":[1],"tags":[],"_links":{"self":[{"href":"https:\/\/www.trachtenverband-unterfranken.de\/index.php?rest_route=\/wp\/v2\/posts\/566"}],"collection":[{"href":"https:\/\/www.trachtenverband-unterfranken.de\/index.php?rest_route=\/wp\/v2\/posts"}],"about":[{"href":"https:\/\/www.trachtenverband-unterfranken.de\/index.php?rest_route=\/wp\/v2\/types\/post"}],"author":[{"embeddable":true,"href":"https:\/\/www.trachtenverband-unterfranken.de\/index.php?rest_route=\/wp\/v2\/users\/1"}],"replies":[{"embeddable":true,"href":"https:\/\/www.trachtenverband-unterfranken.de\/index.php?rest_route=%2Fwp%2Fv2%2Fcomments&post=566"}],"version-history":[{"count":0,"href":"https:\/\/www.trachtenverband-unterfranken.de\/index.php?rest_route=\/wp\/v2\/posts\/566\/revisions"}],"wp:attachment":[{"href":"https:\/\/www.trachtenverband-unterfranken.de\/index.php?rest_route=%2Fwp%2Fv2%2Fmedia&parent=566"}],"wp:term":[{"taxonomy":"category","embeddable":true,"href":"https:\/\/www.trachtenverband-unterfranken.de\/index.php?rest_route=%2Fwp%2Fv2%2Fcategories&post=566"},{"taxonomy":"post_tag","embeddable":true,"href":"https:\/\/www.trachtenverband-unterfranken.de\/index.php?rest_route=%2Fwp%2Fv2%2Ftags&post=566"}],"curies":[{"name":"wp","href":"https:\/\/api.w.org\/{rel}","templated":true}]}}