{"id":5665,"date":"2021-06-07T22:54:42","date_gmt":"2021-06-07T20:54:42","guid":{"rendered":"http:\/\/www.trachtenverband-unterfranken.de\/?p=5665"},"modified":"2021-06-07T22:54:42","modified_gmt":"2021-06-07T20:54:42","slug":"corona-nachrichten-nr-20","status":"publish","type":"post","link":"https:\/\/www.trachtenverband-unterfranken.de\/?p=5665","title":{"rendered":"Corona-Nachrichten Nr. 20"},"content":{"rendered":"<p><img loading=\"lazy\" decoding=\"async\" class=\"alignnone size-medium wp-image-5547\" src=\"https:\/\/www.trachtenverband-unterfranken.de\/wp-content\/uploads\/2020\/04\/Logo-BTV-285x300.jpg\" alt=\"\" width=\"285\" height=\"300\" srcset=\"https:\/\/www.trachtenverband-unterfranken.de\/wp-content\/uploads\/2020\/04\/Logo-BTV-285x300.jpg 285w, https:\/\/www.trachtenverband-unterfranken.de\/wp-content\/uploads\/2020\/04\/Logo-BTV.jpg 475w\" sizes=\"(max-width: 285px) 100vw, 285px\" \/><\/p>\n<p>Liabe Trachtlerinnen und Trachtler,<\/p>\n<p>seit heute gelten in Bayern viele Erleichterungen. Diese hat das Kabinett in der vergangenen Woche beschlossen. Somit sind auch Vereinssitzungen, Plattler- und Musikproben wieder m\u00f6glich.<\/p>\n<ol>\n<li><strong>Grunds\u00e4tzliches<\/strong><\/li>\n<\/ol>\n<ul>\n<li>Der Katastrophenfall ist seit dem 7. Juni aufgehoben.<\/li>\n<\/ul>\n<p>G\u00fcltig f\u00fcr Bayern ist nur noch die aktuellste <a href=\"https:\/\/www.verkuendung-bayern.de\/baymbl\/2021-384\/\" target=\"_blank\" rel=\"noopener\">Infektionsschutzma\u00dfnahmenverordnung (Nr. 13)<\/a>. Die Kreisverwaltungsbeh\u00f6rden m\u00fcssen keine eigenen Allgemeinverf\u00fcgungen mehr erlassen. Was also in der Verordnung steht, das z\u00e4hlt letztlich f\u00fcr Alle.<\/p>\n<p>Es gibt nur noch zwei Inzidenzkategorien:<\/p>\n<ul>\n<li>Gebiete mit Inzidenz &lt; 50 und<\/li>\n<li>Gebiete mit Inzidenz zwischen 50 und 100.<\/li>\n<\/ul>\n<p>Der bisherige Inzidenzbereich &lt; 35 entf\u00e4llt. Das macht es allen leichter, sich auf klare Regelungen vor Ort einzustellen.<\/p>\n<p><strong>2. Vereinssitzungen<\/strong><\/p>\n<p>Vereinssitzungen werden behandelt wie andere private Zusammenk\u00fcnfte aus besonderem Anlass. Also wie Hochzeiten oder Beerdigungen.<\/p>\n<p>Inzidenz &lt;50: im Freien bis zu 100 Personen im Innenbereich bis zu 50 Personen. Zuz\u00fcglich Geimpfte und Genesene Personen.<\/p>\n<p>Inzidenz 50-100: im Freien bis 50 Personen im Innenbereich bis zu 25 Personen. Zuz\u00fcglich Geimpfte und Genesene Personen.<br \/>\nHier brauchen Genesene und nicht Geimpfte einen negativen Test.<\/p>\n<p><strong>3. Kulturelle Veranstaltungen<\/strong><\/p>\n<p>Veranstaltungen unter freiem Himmel sind ab dem 7. Juni bei fester Bestuhlung mit bis zu 500 Personen zul\u00e4ssig. Bei einer Inzidenz zwischen 50 und 100 bedarf es eines Tests. F\u00fcr kulturelle Veranstaltungen drinnen wie drau\u00dfen k\u00f6nnen k\u00fcnftig nicht nur feste B\u00fchnen, sondern wieder alle geeigneten St\u00e4tten genutzt werden (Hallen, Stadion etc.), wenn sie ausreichend Platz bieten, um einen sicheren Abstand der Besucher zu gew\u00e4hrleisten.<\/p>\n<p><strong>4. Musik- und Theaterproben<\/strong><\/p>\n<p>Im Musik- und Theaterbereich sind k\u00fcnftig Proben im Innen- wie im Au\u00dfenbereich ohne feste Personenobergrenze m\u00f6glich. Die H\u00f6chstzahl der m\u00f6glichen Teilnehmer richtet sich nach der Gr\u00f6\u00dfe des zur Verf\u00fcgung stehenden Raums (bei Mindestabstand nach Hygienerahmenkonzept).<\/p>\n<p><strong>5. Tanz- und Plattlerproben, Schnalzerproben<\/strong><\/p>\n<p>Inzidenz 100-50: Tanz- und Plattlerproben sowie Schnalzerproben sind im Innen- wie im Au\u00dfenbereich ohne Gruppenobergrenze m\u00f6glich. Allerdings mit einem negativen Test.<\/p>\n<p>Kontakt zwischen den Tanzpaaren ist also generell wieder m\u00f6glich!<\/p>\n<p><strong>6. Schaubild<\/strong><\/p>\n<p>Die Staatskanzlei hat in einem einfachen Schaubild zusammengefasst, was alles m\u00f6glich ist.<\/p>\n<p><img loading=\"lazy\" decoding=\"async\" class=\"alignnone wp-image-5667 size-large\" src=\"https:\/\/www.trachtenverband-unterfranken.de\/wp-content\/uploads\/2021\/06\/20-500x500.png\" alt=\"\" width=\"500\" height=\"500\" srcset=\"https:\/\/www.trachtenverband-unterfranken.de\/wp-content\/uploads\/2021\/06\/20.png 500w, https:\/\/www.trachtenverband-unterfranken.de\/wp-content\/uploads\/2021\/06\/20-150x150.png 150w, https:\/\/www.trachtenverband-unterfranken.de\/wp-content\/uploads\/2021\/06\/20-300x300.png 300w\" sizes=\"(max-width: 500px) 100vw, 500px\" \/><\/p>\n<p>Bitte leitet die Info auch an eure Vereine weiter!<\/p>\n<p>Wenn es weitere Fragen gibt, dann meldet euch jederzeit bei uns in der Gesch\u00e4ftsstelle! Wir versuchen immer euch weiterzuhelfen!<\/p>\n<p>Herzliche Gria\u00df<\/p>\n<p>Andreas Oberprieler<br \/>\nGesch\u00e4ftsf\u00fchrer<br \/>\nBayerischer Trachtenverband<\/p>\n","protected":false},"excerpt":{"rendered":"<p>Liabe Trachtlerinnen und Trachtler, seit heute gelten in Bayern viele Erleichterungen. Diese hat das Kabinett in der vergangenen Woche beschlossen. Somit sind auch Vereinssitzungen, Plattler- und Musikproben wieder m\u00f6glich. Grunds\u00e4tzliches Der Katastrophenfall ist seit dem 7. Juni aufgehoben. G\u00fcltig f\u00fcr Bayern ist nur noch die aktuellste Infektionsschutzma\u00dfnahmenverordnung (Nr. 13). Die Kreisverwaltungsbeh\u00f6rden m\u00fcssen keine eigenen Allgemeinverf\u00fcgungen &hellip; <a href=\"https:\/\/www.trachtenverband-unterfranken.de\/?p=5665\" class=\"more-link\"><span class=\"screen-reader-text\">Corona-Nachrichten Nr. 20<\/span> weiterlesen<\/a><\/p>\n","protected":false},"author":7,"featured_media":0,"comment_status":"closed","ping_status":"closed","sticky":false,"template":"","format":"standard","meta":{"footnotes":""},"categories":[1,74],"tags":[95,129,128,147],"_links":{"self":[{"href":"https:\/\/www.trachtenverband-unterfranken.de\/index.php?rest_route=\/wp\/v2\/posts\/5665"}],"collection":[{"href":"https:\/\/www.trachtenverband-unterfranken.de\/index.php?rest_route=\/wp\/v2\/posts"}],"about":[{"href":"https:\/\/www.trachtenverband-unterfranken.de\/index.php?rest_route=\/wp\/v2\/types\/post"}],"author":[{"embeddable":true,"href":"https:\/\/www.trachtenverband-unterfranken.de\/index.php?rest_route=\/wp\/v2\/users\/7"}],"replies":[{"embeddable":true,"href":"https:\/\/www.trachtenverband-unterfranken.de\/index.php?rest_route=%2Fwp%2Fv2%2Fcomments&post=5665"}],"version-history":[{"count":3,"href":"https:\/\/www.trachtenverband-unterfranken.de\/index.php?rest_route=\/wp\/v2\/posts\/5665\/revisions"}],"predecessor-version":[{"id":5669,"href":"https:\/\/www.trachtenverband-unterfranken.de\/index.php?rest_route=\/wp\/v2\/posts\/5665\/revisions\/5669"}],"wp:attachment":[{"href":"https:\/\/www.trachtenverband-unterfranken.de\/index.php?rest_route=%2Fwp%2Fv2%2Fmedia&parent=5665"}],"wp:term":[{"taxonomy":"category","embeddable":true,"href":"https:\/\/www.trachtenverband-unterfranken.de\/index.php?rest_route=%2Fwp%2Fv2%2Fcategories&post=5665"},{"taxonomy":"post_tag","embeddable":true,"href":"https:\/\/www.trachtenverband-unterfranken.de\/index.php?rest_route=%2Fwp%2Fv2%2Ftags&post=5665"}],"curies":[{"name":"wp","href":"https:\/\/api.w.org\/{rel}","templated":true}]}}