{"id":5670,"date":"2021-06-11T02:13:20","date_gmt":"2021-06-11T00:13:20","guid":{"rendered":"http:\/\/www.trachtenverband-unterfranken.de\/?p=5670"},"modified":"2021-06-11T02:13:20","modified_gmt":"2021-06-11T00:13:20","slug":"nachruf-fuer-lothar-bohne","status":"publish","type":"post","link":"https:\/\/www.trachtenverband-unterfranken.de\/?p=5670","title":{"rendered":"Nachruf f\u00fcr Lothar Bohne"},"content":{"rendered":"<p>Ehrenmitglied des Historischen Burschenvereins verstorben<\/p>\n<p><img loading=\"lazy\" decoding=\"async\" class=\"size-medium wp-image-5671 alignright\" src=\"https:\/\/www.trachtenverband-unterfranken.de\/wp-content\/uploads\/2021\/06\/Lothar-Bohne-205x300.jpg\" alt=\"\" width=\"205\" height=\"300\" srcset=\"https:\/\/www.trachtenverband-unterfranken.de\/wp-content\/uploads\/2021\/06\/Lothar-Bohne-205x300.jpg 205w, https:\/\/www.trachtenverband-unterfranken.de\/wp-content\/uploads\/2021\/06\/Lothar-Bohne.jpg 342w\" sizes=\"(max-width: 205px) 100vw, 205px\" \/><\/p>\n<p>Das langj\u00e4hrige Ehrenmitglied des Historischen Burschenvereins Sommerhausen<br \/>\n<strong>Lothar Bohne<\/strong>, ist im Alter von 73 Jahren verstorben.<\/p>\n<p>Er war in jungen Jahren schon f\u00fcr den Verein als Trachtler aktiv. 1965 trat er dem Burschenverein bei.<\/p>\n<p>Lothar war von 2003 bis 2019 im Vereinsausschuss t\u00e4tig. F\u00fcr seine langj\u00e4hrige Mitarbeit im Verein wurde er zum Ehrenmitglied ernannt.<\/p>\n<p>Mit dem Tod von Lothar Bohne verliert der Burschenverein ein langj\u00e4hriges Mitglied.<\/p>\n<p>Der Historische Burschenverein wird ihm ein ehrendes Andenken bewahren.<\/p>\n<p>1.Vorsitzender Werner Sch\u00f6nig,<\/p>\n","protected":false},"excerpt":{"rendered":"<p>Ehrenmitglied des Historischen Burschenvereins verstorben Das langj\u00e4hrige Ehrenmitglied des Historischen Burschenvereins Sommerhausen Lothar Bohne, ist im Alter von 73 Jahren verstorben. Er war in jungen Jahren schon f\u00fcr den Verein als Trachtler aktiv. 1965 trat er dem Burschenverein bei. Lothar war von 2003 bis 2019 im Vereinsausschuss t\u00e4tig. F\u00fcr seine langj\u00e4hrige Mitarbeit im Verein wurde &hellip; <a href=\"https:\/\/www.trachtenverband-unterfranken.de\/?p=5670\" class=\"more-link\"><span class=\"screen-reader-text\">Nachruf f\u00fcr Lothar Bohne<\/span> weiterlesen<\/a><\/p>\n","protected":false},"author":7,"featured_media":0,"comment_status":"closed","ping_status":"closed","sticky":false,"template":"","format":"standard","meta":{"footnotes":""},"categories":[1,76],"tags":[148],"_links":{"self":[{"href":"https:\/\/www.trachtenverband-unterfranken.de\/index.php?rest_route=\/wp\/v2\/posts\/5670"}],"collection":[{"href":"https:\/\/www.trachtenverband-unterfranken.de\/index.php?rest_route=\/wp\/v2\/posts"}],"about":[{"href":"https:\/\/www.trachtenverband-unterfranken.de\/index.php?rest_route=\/wp\/v2\/types\/post"}],"author":[{"embeddable":true,"href":"https:\/\/www.trachtenverband-unterfranken.de\/index.php?rest_route=\/wp\/v2\/users\/7"}],"replies":[{"embeddable":true,"href":"https:\/\/www.trachtenverband-unterfranken.de\/index.php?rest_route=%2Fwp%2Fv2%2Fcomments&post=5670"}],"version-history":[{"count":3,"href":"https:\/\/www.trachtenverband-unterfranken.de\/index.php?rest_route=\/wp\/v2\/posts\/5670\/revisions"}],"predecessor-version":[{"id":5674,"href":"https:\/\/www.trachtenverband-unterfranken.de\/index.php?rest_route=\/wp\/v2\/posts\/5670\/revisions\/5674"}],"wp:attachment":[{"href":"https:\/\/www.trachtenverband-unterfranken.de\/index.php?rest_route=%2Fwp%2Fv2%2Fmedia&parent=5670"}],"wp:term":[{"taxonomy":"category","embeddable":true,"href":"https:\/\/www.trachtenverband-unterfranken.de\/index.php?rest_route=%2Fwp%2Fv2%2Fcategories&post=5670"},{"taxonomy":"post_tag","embeddable":true,"href":"https:\/\/www.trachtenverband-unterfranken.de\/index.php?rest_route=%2Fwp%2Fv2%2Ftags&post=5670"}],"curies":[{"name":"wp","href":"https:\/\/api.w.org\/{rel}","templated":true}]}}