{"id":570,"date":"2008-10-15T17:02:53","date_gmt":"2008-10-15T16:02:53","guid":{"rendered":"http:\/\/trachtenverband-unterfranken.de\/wordpress\/?p=570"},"modified":"2008-10-15T17:02:53","modified_gmt":"2008-10-15T16:02:53","slug":"schecher","status":"publish","type":"post","link":"https:\/\/www.trachtenverband-unterfranken.de\/?p=570","title":{"rendered":"Schecher"},"content":{"rendered":"<p>Aufstellung: Paarweise in Tanzrichtung, Bursch mit dem<\/p>\n<p>R\u00fccken zur Kreismitte, gew\u00f6hnliche Fassung.<\/p>\n<p>Figur 1 : &#8211; 4 Galoppschritte seitlich in Tanzrichtung,<\/p>\n<p>&#8211; Zwei- Schritt- Dreher (2 Umdrehungen ),<\/p>\n<p>&#8211; Figur insgesamt 4x.<\/p>\n<p>Figur 2 : &#8211; 2 offene Rheinl\u00e4nderschritte (Wechselschritte )<\/p>\n<p>&#8211; Bursch in Kreismitte und zur\u00fcck,<\/p>\n<p>&#8211; M\u00e4del nach au\u00dfen und zur\u00fcck,<\/p>\n<p>&#8211; Zwei- Schritt- Dreher ( 2 Umdrehungen ),<\/p>\n<p>&#8211; Figur insgesamt 4x.<\/p>\n<p>Figur 3 : &#8211; Wie Figur 1.<\/p>\n<p>Figur 4 : &#8211; Offene Tanzfassung,<\/p>\n<p>&#8211; 2 Wechselschritte ( schaschieren ) in<\/p>\n<p>Tanzrichtung,<\/p>\n<p>&#8211; Zwei- Schritt- Dreher ( 2 Umdrehungen ),<\/p>\n<p>&#8211; Figur insgesamt 4x.<\/p>\n<p>Figur 5 : &#8211; Wie Figur 1, jedoch nur 2x.<\/p>\n","protected":false},"excerpt":{"rendered":"<p>Bezirkstanz Unterfranken<\/p>\n","protected":false},"author":1,"featured_media":0,"comment_status":"open","ping_status":"closed","sticky":false,"template":"","format":"standard","meta":{"footnotes":""},"categories":[1],"tags":[],"_links":{"self":[{"href":"https:\/\/www.trachtenverband-unterfranken.de\/index.php?rest_route=\/wp\/v2\/posts\/570"}],"collection":[{"href":"https:\/\/www.trachtenverband-unterfranken.de\/index.php?rest_route=\/wp\/v2\/posts"}],"about":[{"href":"https:\/\/www.trachtenverband-unterfranken.de\/index.php?rest_route=\/wp\/v2\/types\/post"}],"author":[{"embeddable":true,"href":"https:\/\/www.trachtenverband-unterfranken.de\/index.php?rest_route=\/wp\/v2\/users\/1"}],"replies":[{"embeddable":true,"href":"https:\/\/www.trachtenverband-unterfranken.de\/index.php?rest_route=%2Fwp%2Fv2%2Fcomments&post=570"}],"version-history":[{"count":0,"href":"https:\/\/www.trachtenverband-unterfranken.de\/index.php?rest_route=\/wp\/v2\/posts\/570\/revisions"}],"wp:attachment":[{"href":"https:\/\/www.trachtenverband-unterfranken.de\/index.php?rest_route=%2Fwp%2Fv2%2Fmedia&parent=570"}],"wp:term":[{"taxonomy":"category","embeddable":true,"href":"https:\/\/www.trachtenverband-unterfranken.de\/index.php?rest_route=%2Fwp%2Fv2%2Fcategories&post=570"},{"taxonomy":"post_tag","embeddable":true,"href":"https:\/\/www.trachtenverband-unterfranken.de\/index.php?rest_route=%2Fwp%2Fv2%2Ftags&post=570"}],"curies":[{"name":"wp","href":"https:\/\/api.w.org\/{rel}","templated":true}]}}