{"id":5708,"date":"2021-09-10T02:24:13","date_gmt":"2021-09-10T00:24:13","guid":{"rendered":"http:\/\/www.trachtenverband-unterfranken.de\/?p=5708"},"modified":"2021-09-10T02:24:13","modified_gmt":"2021-09-10T00:24:13","slug":"einladung-zur-gauversammlung-am-sonntag-10-oktober-2021","status":"publish","type":"post","link":"https:\/\/www.trachtenverband-unterfranken.de\/?p=5708","title":{"rendered":"Einladung zur Gauversammlung am Sonntag, 10 Oktober 2021"},"content":{"rendered":"<p style=\"text-align: center;\">Einladung zur Gauversammlung am<\/p>\n<h3 style=\"text-align: center;\"><strong>Sonntag, 10.10.2021, um 14.00 Uhr<\/strong><\/h3>\n<p style=\"text-align: center;\">in der <strong>Sportheim-Turnhalle <\/strong>in<\/p>\n<p style=\"text-align: center;\">97505 Geldersheim, Schweinfurter Stra\u00dfe<\/p>\n<p style=\"text-align: center;\">Zuvor<\/p>\n<h4 style=\"text-align: center;\">um <strong>13.00 Uhr Totengedenken<\/strong><\/h4>\n<h4 style=\"text-align: center;\"><strong>in Hambach am Friedhof<\/strong><\/h4>\n<p style=\"text-align: center;\">(Schafloch 2, 97456 Dittelbrunn)<\/p>\n<p>&nbsp;<\/p>\n<p>Liebe Trachtenfreunde,<\/p>\n<p>nachdem im letzten Jahr coronabedingt keine Gauversammlungen abgehalten werden konnten, laden wir nun zur Gauversammlung am 10.10.2021 nach Geldersheim ins Sportheim ein.<\/p>\n<p>Bitte beachtet, dass wir zuvor, also um 13.00 Uhr in Hambach am Friedhof eine Gedenkfeier f\u00fcr unser am 08.12.2020 verstorbenes Ehrenmitglied Peter Kluge abhalten wollen. Wir bitten Euch daher zun\u00e4chst nach Hambach zum Friedhof zu kommen. Im Anschluss an die Gedenkfeier fahren wir dann nach Geldersheim zum Sportheim.<\/p>\n<p>F\u00fcr die Gauversammlung gilt folgende Tagesordnung:<\/p>\n<p>1. Begr\u00fc\u00dfung<br \/>\n2. Genehmigung des Protokolls der Gauversammlung am 13.04.2019 in Sommerhausen (Kopie wurde im April 2020 bereits versandt)<br \/>\n3. Bericht des ersten Vorsitzenden Oliver Brust<br \/>\n4. Bericht des zweiten Vorsitzenden Marcus M\u00fcller<br \/>\n5. Bericht des dritten Vorsitzenden Kurt Weber<br \/>\n6. Kassenbericht<br \/>\n7. Berichte der Jugend und der Sachgebiete:<br \/>\na) Jugend<br \/>\nb)Vort\u00e4nzer<br \/>\nc) Trachtenforschung und \u2013pflege<br \/>\nd) Mundart-Brauchtum-Laienspiel<br \/>\ne) Volksmusik<br \/>\nf) Presse<br \/>\n8. Bericht der Kassenrevisoren<br \/>\n9. Bekanntgabe des im Umlaufverfahrens gefassten Beschluss \u00fcber Erh\u00f6hung des Gaubeitrags von EUR 46,02 auf EUR 70,00 je Verein, zzgl. EUR 0,30 je Mitglied<br \/>\n10. Entlastung der Vorstandschaft<br \/>\n11. Neuwahl der Vorstandschaft<br \/>\n12. Verschiedenes, Termine (u.a. zur Gau-Fahrt zum Deutschen Trachtenfest in Bruck in der Opf. 17.-19.06.2022 und Tag der Franken am 3.07.2022 in Aschaffenburg)<\/p>\n<p>Bitte kommt zur Veranstaltung wie gewohnt in Tracht.<\/p>\n<p><b>Thema Neuwahlen:<\/b><\/p>\n<p>Wie bereits in der vergangenen Gauversammlung 2019 angek\u00fcndigt, werde ich mein Amt als 1. Gauvorstand nicht weiterf\u00fchren. Auch der 2. Gauvorstand Marcus M\u00fcller hat angek\u00fcndigt, nicht mehr zu kandidieren. Wir f\u00fchren derzeit bereits Gespr\u00e4che um Nachfolgekandidaten zu finden. Dennoch bitten wir Euch um Zuarbeit bei der Kandidatensuche und stehen f\u00fcr konstruktive Gespr\u00e4che im Vorfeld gerne zur Verf\u00fcgung. Bis jetzt stehen f\u00fcr die 3 Vorstandsposten folgende Kandidaten\/innen zur Verf\u00fcgung:<\/p>\n<p>Inge Burkhardt-Vatterodt (Sennfeld)<br \/>\nKurt Weber (Sommerhausen)<\/p>\n<p>Wir brauchen also noch mindestens einen Kandidaten\/eine Kandidatin.<\/p>\n<p>Au\u00dferdem wird ein\/e Schriftf\u00fchrer\/in gesucht.<\/p>\n<p><b>Corona-Hinweis:<\/b><br \/>\nIm Landkreis Schweinfurt gilt derzeit das 3G-Prinzip. Die Einstufung des Landkreises in den Inzidenzbereich \u00fcber 35 erfolgt durch die Bekanntmachung des Landratsamtes Schweinfurt vom 23. August 2021 aufgrund der zum damaligen Zeitpunkt geltenden 13. Bayerischen Infektionsschutzma\u00dfnahmenverordnung und bleibt nach wie vor bestehen (\u00a7 3 Abs. 6 der 14. BayIfSMV). Das hei\u00dft, dass ihr an der Versammlung nur teilnehmen k\u00f6nnt, wenn Ihr geimpft, genesen oder negativ getestet seid. Entsprechende Nachweise sind vorzulegen. Bei Einhaltung eines Sitzabstandes von 1,5 m entf\u00e4llt die Maskenpflicht am Platz.<\/p>\n<p>Mit freundlichen Gr\u00fc\u00dfen<\/p>\n<p>Oliver Brust<br \/>\n1. Gauvorstand<\/p>\n","protected":false},"excerpt":{"rendered":"<p>Einladung zur Gauversammlung am Sonntag, 10.10.2021, um 14.00 Uhr in der Sportheim-Turnhalle in 97505 Geldersheim, Schweinfurter Stra\u00dfe Zuvor um 13.00 Uhr Totengedenken in Hambach am Friedhof (Schafloch 2, 97456 Dittelbrunn) &nbsp; Liebe Trachtenfreunde, nachdem im letzten Jahr coronabedingt keine Gauversammlungen abgehalten werden konnten, laden wir nun zur Gauversammlung am 10.10.2021 nach Geldersheim ins Sportheim ein. &hellip; <a href=\"https:\/\/www.trachtenverband-unterfranken.de\/?p=5708\" class=\"more-link\"><span class=\"screen-reader-text\">Einladung zur Gauversammlung am Sonntag, 10 Oktober 2021<\/span> weiterlesen<\/a><\/p>\n","protected":false},"author":7,"featured_media":0,"comment_status":"closed","ping_status":"closed","sticky":false,"template":"","format":"standard","meta":{"footnotes":""},"categories":[1],"tags":[21,136],"_links":{"self":[{"href":"https:\/\/www.trachtenverband-unterfranken.de\/index.php?rest_route=\/wp\/v2\/posts\/5708"}],"collection":[{"href":"https:\/\/www.trachtenverband-unterfranken.de\/index.php?rest_route=\/wp\/v2\/posts"}],"about":[{"href":"https:\/\/www.trachtenverband-unterfranken.de\/index.php?rest_route=\/wp\/v2\/types\/post"}],"author":[{"embeddable":true,"href":"https:\/\/www.trachtenverband-unterfranken.de\/index.php?rest_route=\/wp\/v2\/users\/7"}],"replies":[{"embeddable":true,"href":"https:\/\/www.trachtenverband-unterfranken.de\/index.php?rest_route=%2Fwp%2Fv2%2Fcomments&post=5708"}],"version-history":[{"count":8,"href":"https:\/\/www.trachtenverband-unterfranken.de\/index.php?rest_route=\/wp\/v2\/posts\/5708\/revisions"}],"predecessor-version":[{"id":5716,"href":"https:\/\/www.trachtenverband-unterfranken.de\/index.php?rest_route=\/wp\/v2\/posts\/5708\/revisions\/5716"}],"wp:attachment":[{"href":"https:\/\/www.trachtenverband-unterfranken.de\/index.php?rest_route=%2Fwp%2Fv2%2Fmedia&parent=5708"}],"wp:term":[{"taxonomy":"category","embeddable":true,"href":"https:\/\/www.trachtenverband-unterfranken.de\/index.php?rest_route=%2Fwp%2Fv2%2Fcategories&post=5708"},{"taxonomy":"post_tag","embeddable":true,"href":"https:\/\/www.trachtenverband-unterfranken.de\/index.php?rest_route=%2Fwp%2Fv2%2Ftags&post=5708"}],"curies":[{"name":"wp","href":"https:\/\/api.w.org\/{rel}","templated":true}]}}