{"id":5768,"date":"2021-12-23T03:16:49","date_gmt":"2021-12-23T02:16:49","guid":{"rendered":"https:\/\/www.trachtenverband-unterfranken.de\/?p=5768"},"modified":"2021-12-23T03:16:51","modified_gmt":"2021-12-23T02:16:51","slug":"weihnachtsgruss","status":"publish","type":"post","link":"https:\/\/www.trachtenverband-unterfranken.de\/?p=5768","title":{"rendered":"Weihnachtsgru\u00df"},"content":{"rendered":"\n<p class=\"has-text-align-center\">Liebe Trachtlerinnen und Trachtler<\/p>\n\n\n\n<p class=\"has-text-align-center\">Liebe Interessierte<\/p>\n\n\n\n<p><\/p>\n\n\n\n<p class=\"has-text-align-center\">Der Trachtenverband Unterfranken<\/p>\n\n\n\n<p class=\"has-text-align-center\">w\u00fcnscht Euch allen ein sch\u00f6nes Weihnachtsfest<\/p>\n\n\n\n<p class=\"has-text-align-center\">und einen guten Rutsch ins neue Jahr<\/p>\n\n\n\n<figure class=\"wp-block-gallery aligncenter columns-1 is-cropped wp-block-gallery-1 is-layout-flex wp-block-gallery-is-layout-flex\"><ul class=\"blocks-gallery-grid\"><li class=\"blocks-gallery-item\"><figure><img loading=\"lazy\" decoding=\"async\" width=\"283\" height=\"178\" src=\"https:\/\/www.trachtenverband-unterfranken.de\/wp-content\/uploads\/2021\/12\/bild-1.jpg\" alt=\"\" data-id=\"5770\" data-full-url=\"https:\/\/www.trachtenverband-unterfranken.de\/wp-content\/uploads\/2021\/12\/bild-1.jpg\" data-link=\"https:\/\/www.trachtenverband-unterfranken.de\/?attachment_id=5770\" class=\"wp-image-5770\"\/><\/figure><\/li><\/ul><\/figure>\n\n\n\n<p><\/p>\n\n\n\n<p class=\"has-text-align-center\">Ich hoffe das wir uns im neuen Jahr recht oft wiedersehen und<\/p>\n\n\n\n<p class=\"has-text-align-center\">die schwere Zeit der Pandemie endlich<\/p>\n\n\n\n<p class=\"has-text-align-center\">dann der Vergangenheit angeh\u00f6rt.<\/p>\n\n\n\n<p><\/p>\n\n\n\n<p class=\"has-text-align-center\">Ich w\u00fcnsche euch allen ein besinnliches Weihnachtsfest<\/p>\n\n\n\n<p class=\"has-text-align-center\">und alles Gute f\u00fcrs neue Jahr.<\/p>\n\n\n\n<p><\/p>\n\n\n\n<p class=\"has-text-align-center\">Trachtenverband Unterfranken<\/p>\n\n\n\n<p class=\"has-text-align-center\">1. Gauvorsitzende<\/p>\n\n\n\n<p class=\"has-text-align-center\">Inge Burkhard-Vatterodt<\/p>\n\n\n\n<figure class=\"wp-block-gallery aligncenter columns-1 is-cropped wp-block-gallery-2 is-layout-flex wp-block-gallery-is-layout-flex\"><ul class=\"blocks-gallery-grid\"><li class=\"blocks-gallery-item\"><figure><img loading=\"lazy\" decoding=\"async\" width=\"408\" height=\"500\" src=\"https:\/\/www.trachtenverband-unterfranken.de\/wp-content\/uploads\/2021\/12\/LogoTrachtenverbandUnterfranken-Stand-18.12.2007-408x500.jpg\" alt=\"\" data-id=\"5771\" data-full-url=\"https:\/\/www.trachtenverband-unterfranken.de\/wp-content\/uploads\/2021\/12\/LogoTrachtenverbandUnterfranken-Stand-18.12.2007.bmp\" data-link=\"https:\/\/www.trachtenverband-unterfranken.de\/?attachment_id=5771\" class=\"wp-image-5771\"\/><\/figure><\/li><\/ul><\/figure>\n","protected":false},"excerpt":{"rendered":"<p>Liebe Trachtlerinnen und Trachtler Liebe Interessierte Der Trachtenverband Unterfranken w\u00fcnscht Euch allen ein sch\u00f6nes Weihnachtsfest und einen guten Rutsch ins neue Jahr Ich hoffe das wir uns im neuen Jahr recht oft wiedersehen und die schwere Zeit der Pandemie endlich dann der Vergangenheit angeh\u00f6rt. Ich w\u00fcnsche euch allen ein besinnliches Weihnachtsfest und alles Gute f\u00fcrs &hellip; <a href=\"https:\/\/www.trachtenverband-unterfranken.de\/?p=5768\" class=\"more-link\"><span class=\"screen-reader-text\">Weihnachtsgru\u00df<\/span> weiterlesen<\/a><\/p>\n","protected":false},"author":7,"featured_media":0,"comment_status":"closed","ping_status":"closed","sticky":false,"template":"","format":"standard","meta":{"footnotes":""},"categories":[1],"tags":[],"_links":{"self":[{"href":"https:\/\/www.trachtenverband-unterfranken.de\/index.php?rest_route=\/wp\/v2\/posts\/5768"}],"collection":[{"href":"https:\/\/www.trachtenverband-unterfranken.de\/index.php?rest_route=\/wp\/v2\/posts"}],"about":[{"href":"https:\/\/www.trachtenverband-unterfranken.de\/index.php?rest_route=\/wp\/v2\/types\/post"}],"author":[{"embeddable":true,"href":"https:\/\/www.trachtenverband-unterfranken.de\/index.php?rest_route=\/wp\/v2\/users\/7"}],"replies":[{"embeddable":true,"href":"https:\/\/www.trachtenverband-unterfranken.de\/index.php?rest_route=%2Fwp%2Fv2%2Fcomments&post=5768"}],"version-history":[{"count":4,"href":"https:\/\/www.trachtenverband-unterfranken.de\/index.php?rest_route=\/wp\/v2\/posts\/5768\/revisions"}],"predecessor-version":[{"id":5775,"href":"https:\/\/www.trachtenverband-unterfranken.de\/index.php?rest_route=\/wp\/v2\/posts\/5768\/revisions\/5775"}],"wp:attachment":[{"href":"https:\/\/www.trachtenverband-unterfranken.de\/index.php?rest_route=%2Fwp%2Fv2%2Fmedia&parent=5768"}],"wp:term":[{"taxonomy":"category","embeddable":true,"href":"https:\/\/www.trachtenverband-unterfranken.de\/index.php?rest_route=%2Fwp%2Fv2%2Fcategories&post=5768"},{"taxonomy":"post_tag","embeddable":true,"href":"https:\/\/www.trachtenverband-unterfranken.de\/index.php?rest_route=%2Fwp%2Fv2%2Ftags&post=5768"}],"curies":[{"name":"wp","href":"https:\/\/api.w.org\/{rel}","templated":true}]}}