{"id":5845,"date":"2022-05-27T15:57:22","date_gmt":"2022-05-27T13:57:22","guid":{"rendered":"https:\/\/www.trachtenverband-unterfranken.de\/?p=5845"},"modified":"2022-05-27T15:57:24","modified_gmt":"2022-05-27T13:57:24","slug":"100-jahre-volkstrachten-erhaltungsverein-die-semflder-1922-e-v","status":"publish","type":"post","link":"https:\/\/www.trachtenverband-unterfranken.de\/?p=5845","title":{"rendered":"100 Jahre Volkstrachten-Erhaltungsverein \u201eDie Semflder\u201c 1922 e.V."},"content":{"rendered":"\n<div class=\"wp-block-image\"><figure class=\"aligncenter size-full\"><img loading=\"lazy\" decoding=\"async\" width=\"473\" height=\"94\" src=\"https:\/\/www.trachtenverband-unterfranken.de\/wp-content\/uploads\/2022\/05\/logo.png\" alt=\"\" class=\"wp-image-5850\" srcset=\"https:\/\/www.trachtenverband-unterfranken.de\/wp-content\/uploads\/2022\/05\/logo.png 473w, https:\/\/www.trachtenverband-unterfranken.de\/wp-content\/uploads\/2022\/05\/logo-300x60.png 300w\" sizes=\"(max-width: 473px) 100vw, 473px\" \/><\/figure><\/div>\n\n\n\n<p>Die Semflder feierten ihr 100j\u00e4hriges mit einem Festkommers. <\/p>\n\n\n\n<p>Nach einem sehr sch\u00f6n gestalteten \u00d6kumenischen Gottesdienst \u00fcberbrachten der Landrat Florian T\u00f6pper und der B\u00fcrgermeister Oliver Schulze ihren Dank und Anerkennung f\u00fcr die geleistete Zusammenarbeit, insbesonders an der Semflder Kirm.<\/p>\n\n\n\n<p>Der Trachtenverein aus Gochsheim mit ihrem Vorsitzenden Hans-J\u00fcrgen Schwartling \u00fcbergab dem Sennfelder Vorsitzenden Helmut B\u00fcschel ein Gastgeschenk und betonte die Freundschaft der beiden Vereine. <\/p>\n\n\n\n<figure class=\"wp-block-image size-full is-resized\"><img loading=\"lazy\" decoding=\"async\" src=\"https:\/\/www.trachtenverband-unterfranken.de\/wp-content\/uploads\/2022\/05\/DSC_0039.jpg\" alt=\"\" class=\"wp-image-5847\" width=\"350\" height=\"550\" srcset=\"https:\/\/www.trachtenverband-unterfranken.de\/wp-content\/uploads\/2022\/05\/DSC_0039.jpg 318w, https:\/\/www.trachtenverband-unterfranken.de\/wp-content\/uploads\/2022\/05\/DSC_0039-191x300.jpg 191w\" sizes=\"(max-width: 350px) 100vw, 350px\" \/><figcaption><span class=\"has-inline-color has-cyan-bluish-gray-color\">Gochsheimer Vorstand Hans J\u00fcrgen Schwartling und Helmut B\u00fcschel <\/span><\/figcaption><\/figure>\n\n\n\n<p>Die vereinseigene Blaskapelle \u201eDie Jungen Sennfelder\u201c, die 2022 ihr 25j\u00e4hriges Gr\u00fcndungsjubil\u00e4um feiern, umrahmten den Festsonntag unter anderem mit einem St\u00e4ndchen und einer Plantour nach dem Gottesdienst. Die Musikanten spielten auf f\u00fcr die Jugend- und die aktive Tanzgruppe auf. Die beiden Patenvereine aus Sulzbach-Rosenberg-Stamm und aus N\u00fcrnberg Neunhof , angereist jeweils mit einer Delegation, gratulierten den Sennfeldern f\u00fcr die gelebten Patenschaften.<\/p>\n\n\n\n<p>Der stellvertretende Vorsitzende des Trachtenverbandes Ufr. Kurt Weber gratulierte dem Verein und stellte fest: Immer wenn der Verband die Semflder braucht findet er hier Unterst\u00fctzung. <\/p>\n\n\n\n<figure class=\"wp-block-image size-full is-resized\"><img loading=\"lazy\" decoding=\"async\" src=\"https:\/\/www.trachtenverband-unterfranken.de\/wp-content\/uploads\/2022\/05\/DSC_0100.jpg\" alt=\"\" class=\"wp-image-5846\" width=\"425\" height=\"439\" srcset=\"https:\/\/www.trachtenverband-unterfranken.de\/wp-content\/uploads\/2022\/05\/DSC_0100.jpg 484w, https:\/\/www.trachtenverband-unterfranken.de\/wp-content\/uploads\/2022\/05\/DSC_0100-290x300.jpg 290w\" sizes=\"(max-width: 425px) 100vw, 425px\" \/><figcaption><span class=\"has-inline-color has-cyan-bluish-gray-color\">Stellvertretende Vorsitzende des Trachtenverbandes Ufr. Kurt Weber und Helmut B\u00fcschel<\/span><\/figcaption><\/figure>\n\n\n\n<p>Helmut B\u00fcschel lockerte den Kommers mit selbstgemachten Mundartgedichten auf und ging auf die 100j\u00e4hrige Chronik ein. Der Volkstrachten-Erhaltungsverein \u201eDie Semflder\u201c e.V. wurde am 27. Januar 1922 von 7 heimatverbundenen Sennfeldern gegr\u00fcndet. Es gelang den damaligen Gr\u00fcndungsmitgliedern das Verst\u00e4ndnis zum Brauchtum und zur Tracht in der Bev\u00f6lkerung zu wecken und so wuchs die Mitgliederzahl von Jahr zu Jahr.<\/p>\n","protected":false},"excerpt":{"rendered":"<p>Die Semflder feierten ihr 100j\u00e4hriges mit einem Festkommers. Nach einem sehr sch\u00f6n gestalteten \u00d6kumenischen Gottesdienst \u00fcberbrachten der Landrat Florian T\u00f6pper und der B\u00fcrgermeister Oliver Schulze ihren Dank und Anerkennung f\u00fcr die geleistete Zusammenarbeit, insbesonders an der Semflder Kirm. Der Trachtenverein aus Gochsheim mit ihrem Vorsitzenden Hans-J\u00fcrgen Schwartling \u00fcbergab dem Sennfelder Vorsitzenden Helmut B\u00fcschel ein Gastgeschenk &hellip; <a href=\"https:\/\/www.trachtenverband-unterfranken.de\/?p=5845\" class=\"more-link\"><span class=\"screen-reader-text\">100 Jahre Volkstrachten-Erhaltungsverein \u201eDie Semflder\u201c 1922 e.V.<\/span> weiterlesen<\/a><\/p>\n","protected":false},"author":7,"featured_media":0,"comment_status":"closed","ping_status":"closed","sticky":false,"template":"","format":"standard","meta":{"footnotes":""},"categories":[1,4,9],"tags":[68,142],"_links":{"self":[{"href":"https:\/\/www.trachtenverband-unterfranken.de\/index.php?rest_route=\/wp\/v2\/posts\/5845"}],"collection":[{"href":"https:\/\/www.trachtenverband-unterfranken.de\/index.php?rest_route=\/wp\/v2\/posts"}],"about":[{"href":"https:\/\/www.trachtenverband-unterfranken.de\/index.php?rest_route=\/wp\/v2\/types\/post"}],"author":[{"embeddable":true,"href":"https:\/\/www.trachtenverband-unterfranken.de\/index.php?rest_route=\/wp\/v2\/users\/7"}],"replies":[{"embeddable":true,"href":"https:\/\/www.trachtenverband-unterfranken.de\/index.php?rest_route=%2Fwp%2Fv2%2Fcomments&post=5845"}],"version-history":[{"count":5,"href":"https:\/\/www.trachtenverband-unterfranken.de\/index.php?rest_route=\/wp\/v2\/posts\/5845\/revisions"}],"predecessor-version":[{"id":5853,"href":"https:\/\/www.trachtenverband-unterfranken.de\/index.php?rest_route=\/wp\/v2\/posts\/5845\/revisions\/5853"}],"wp:attachment":[{"href":"https:\/\/www.trachtenverband-unterfranken.de\/index.php?rest_route=%2Fwp%2Fv2%2Fmedia&parent=5845"}],"wp:term":[{"taxonomy":"category","embeddable":true,"href":"https:\/\/www.trachtenverband-unterfranken.de\/index.php?rest_route=%2Fwp%2Fv2%2Fcategories&post=5845"},{"taxonomy":"post_tag","embeddable":true,"href":"https:\/\/www.trachtenverband-unterfranken.de\/index.php?rest_route=%2Fwp%2Fv2%2Ftags&post=5845"}],"curies":[{"name":"wp","href":"https:\/\/api.w.org\/{rel}","templated":true}]}}