{"id":5858,"date":"2022-08-21T22:35:00","date_gmt":"2022-08-21T20:35:00","guid":{"rendered":"https:\/\/www.trachtenverband-unterfranken.de\/?p=5858"},"modified":"2022-08-22T02:07:23","modified_gmt":"2022-08-22T00:07:23","slug":"fraenkisches-gebet-mit-trachtengruppen-zu-ehren-des-hl-laurentius","status":"publish","type":"post","link":"https:\/\/www.trachtenverband-unterfranken.de\/?p=5858","title":{"rendered":"Fr\u00e4nkisches Gebet mit Trachtengruppen zu Ehren des Hl. Laurentius"},"content":{"rendered":"\n<p><\/p>\n\n\n\n<p>Die Stadt Marktheidenfeld liegt am Mainviereck in Unterfranken zwischen W\u00fcrzburg und Wertheim. Dort wird jedes Jahr im August ein gro\u00dfes Volksfest, die Laurenzi-Messe, gefeiert. Passend dazu gestalteten drei Trachtengruppen aus der Umgebung einen Gottesdienst, welcher ganz im Zeichen von fr\u00e4nkischer Mundart und Tracht stand. Organisiert wurde der Gottesdienst von Isabel Oestreicher, Gemeindereferentin im Pastoralen Raum Marktheidenfeld sowie Mitglied des Trachtenvereins Karlstadt e.V.<\/p>\n\n\n\n<p>Ihr zur Seite standen drei Trachtenvereine aus dem Landkreis Main-Spessart: Die Trachtengruppe Karlstadt, die Trachtengruppe Glasofen und die Freunde fr\u00e4nkischen Brauchtums aus Urspringen. Zu Beginn zogen die Trachtlerinnen und Trachtler zum auf der Orgel gespielten &#8222;Frankenlied&#8220; in das Gotteshaus ein. Dabei konnten sich die zahlreichen Besucher bereits einen ersten Eindruck von den bunten Trachten machen. Nach den einf\u00fchrenden Gedanken folgten Kyrie und Psalm, vorgetragen in fr\u00e4nkischer Mundart.<\/p>\n\n\n\n<figure class=\"wp-block-image size-large\"><img loading=\"lazy\" decoding=\"async\" width=\"750\" height=\"500\" src=\"https:\/\/www.trachtenverband-unterfranken.de\/wp-content\/uploads\/2022\/08\/TraBo-750x500.jpg\" alt=\"\" class=\"wp-image-5861\" srcset=\"https:\/\/www.trachtenverband-unterfranken.de\/wp-content\/uploads\/2022\/08\/TraBo.jpg 750w, https:\/\/www.trachtenverband-unterfranken.de\/wp-content\/uploads\/2022\/08\/TraBo-300x200.jpg 300w\" sizes=\"(max-width: 750px) 100vw, 750px\" \/><\/figure>\n\n\n\n<p>Anschlie\u00dfend \u00fcbernahm Heinz Matschiner (Glasofen) die Einf\u00fchrung der Trachtenvorstellungen. Er hob hervor, dass die Tracht seit jeher von gro\u00dfer Bedeutung war.<br>In ihrer Vorstellung der &#8222;Werntaler Tracht&#8220; &#8211; wie sie die Trachtengruppe Karlstadt tr\u00e4gt &#8211; beschrieb Melanie Cmiel auch die Bedeutung der Haube der Frauen und des Dreispitz der M\u00e4nner, der zur fr\u00e4nkischen Tracht geh\u00f6rt.<\/p>\n\n\n\n<figure class=\"wp-block-image size-full\"><img loading=\"lazy\" decoding=\"async\" width=\"750\" height=\"428\" src=\"https:\/\/www.trachtenverband-unterfranken.de\/wp-content\/uploads\/2022\/08\/Anderszeit-7.8-9a.jpg\" alt=\"\" class=\"wp-image-5859\" srcset=\"https:\/\/www.trachtenverband-unterfranken.de\/wp-content\/uploads\/2022\/08\/Anderszeit-7.8-9a.jpg 750w, https:\/\/www.trachtenverband-unterfranken.de\/wp-content\/uploads\/2022\/08\/Anderszeit-7.8-9a-300x171.jpg 300w\" sizes=\"(max-width: 750px) 100vw, 750px\" \/><\/figure>\n\n\n\n<p>Lisa Matschiner stellte die Graftschaftstrachten vor, die von der Tanztracht der unverheirateten Frauen und M\u00e4nner, der Festtagstracht, der Trauertracht bis hin zur Hochzeitstracht mit der prachtvollen Haube reichte \u2013 alles gut erhaltene Originaltrachten, w\u00e4hrend von den Alltagstrachten keine Originalst\u00fccke mehr vorhanden sind, denn diese seien einfach verbraucht und abgetragen gewesen.<\/p>\n\n\n\n<figure class=\"wp-block-image size-full\"><img loading=\"lazy\" decoding=\"async\" width=\"667\" height=\"500\" src=\"https:\/\/www.trachtenverband-unterfranken.de\/wp-content\/uploads\/2022\/08\/WZJM4792.jpg\" alt=\"\" class=\"wp-image-5860\" srcset=\"https:\/\/www.trachtenverband-unterfranken.de\/wp-content\/uploads\/2022\/08\/WZJM4792.jpg 667w, https:\/\/www.trachtenverband-unterfranken.de\/wp-content\/uploads\/2022\/08\/WZJM4792-300x225.jpg 300w\" sizes=\"(max-width: 667px) 100vw, 667px\" \/><\/figure>\n\n\n\n<p>Die Freunde fr\u00e4nkischen Brauchtums aus Urspringen tragen eine erneuerte Tracht, die von Gudrun Wiesner vorgestellt wurde. Auch diese zeigt sich bunt und facettenreich. Besonders die \u00c4rmel des K\u00f6ress seien aufw\u00e4ndig bestickt worden, erkl\u00e4rte Gudrun Wiesner.<\/p>\n\n\n\n<p>Wie es sich f\u00fcr eine Andacht geh\u00f6rt wurde aber auch gesungen und gebetet und das fast alles in fr\u00e4nkischer Mundart. Den Abschluss bildete ein Gebet zum Hl. Laurentius, zu dessen Ehren die Laurenzimesse schlie\u00dflich abgehalten wird.<br><\/p>\n\n\n\n<p>Beitrag von: Sabine Eckert, Freunde fr\u00e4nkischen Brauchtums Urspringen<\/p>\n\n\n\n<figure class=\"wp-block-image size-full\"><img loading=\"lazy\" decoding=\"async\" width=\"667\" height=\"500\" src=\"https:\/\/www.trachtenverband-unterfranken.de\/wp-content\/uploads\/2022\/08\/IMG_20220807_170354.jpg\" alt=\"\" class=\"wp-image-5862\" srcset=\"https:\/\/www.trachtenverband-unterfranken.de\/wp-content\/uploads\/2022\/08\/IMG_20220807_170354.jpg 667w, https:\/\/www.trachtenverband-unterfranken.de\/wp-content\/uploads\/2022\/08\/IMG_20220807_170354-300x225.jpg 300w\" sizes=\"(max-width: 667px) 100vw, 667px\" \/><\/figure>\n\n\n\n<p>Fotos: Erhard Wiesmann<\/p>\n","protected":false},"excerpt":{"rendered":"<p>Die Stadt Marktheidenfeld liegt am Mainviereck in Unterfranken zwischen W\u00fcrzburg und Wertheim. Dort wird jedes Jahr im August ein gro\u00dfes Volksfest, die Laurenzi-Messe, gefeiert. Passend dazu gestalteten drei Trachtengruppen aus der Umgebung einen Gottesdienst, welcher ganz im Zeichen von fr\u00e4nkischer Mundart und Tracht stand. Organisiert wurde der Gottesdienst von Isabel Oestreicher, Gemeindereferentin im Pastoralen Raum &hellip; <a href=\"https:\/\/www.trachtenverband-unterfranken.de\/?p=5858\" class=\"more-link\"><span class=\"screen-reader-text\">Fr\u00e4nkisches Gebet mit Trachtengruppen zu Ehren des Hl. Laurentius<\/span> weiterlesen<\/a><\/p>\n","protected":false},"author":7,"featured_media":0,"comment_status":"closed","ping_status":"closed","sticky":false,"template":"","format":"standard","meta":{"footnotes":""},"categories":[1,9,14,28],"tags":[152,26,153],"_links":{"self":[{"href":"https:\/\/www.trachtenverband-unterfranken.de\/index.php?rest_route=\/wp\/v2\/posts\/5858"}],"collection":[{"href":"https:\/\/www.trachtenverband-unterfranken.de\/index.php?rest_route=\/wp\/v2\/posts"}],"about":[{"href":"https:\/\/www.trachtenverband-unterfranken.de\/index.php?rest_route=\/wp\/v2\/types\/post"}],"author":[{"embeddable":true,"href":"https:\/\/www.trachtenverband-unterfranken.de\/index.php?rest_route=\/wp\/v2\/users\/7"}],"replies":[{"embeddable":true,"href":"https:\/\/www.trachtenverband-unterfranken.de\/index.php?rest_route=%2Fwp%2Fv2%2Fcomments&post=5858"}],"version-history":[{"count":5,"href":"https:\/\/www.trachtenverband-unterfranken.de\/index.php?rest_route=\/wp\/v2\/posts\/5858\/revisions"}],"predecessor-version":[{"id":5877,"href":"https:\/\/www.trachtenverband-unterfranken.de\/index.php?rest_route=\/wp\/v2\/posts\/5858\/revisions\/5877"}],"wp:attachment":[{"href":"https:\/\/www.trachtenverband-unterfranken.de\/index.php?rest_route=%2Fwp%2Fv2%2Fmedia&parent=5858"}],"wp:term":[{"taxonomy":"category","embeddable":true,"href":"https:\/\/www.trachtenverband-unterfranken.de\/index.php?rest_route=%2Fwp%2Fv2%2Fcategories&post=5858"},{"taxonomy":"post_tag","embeddable":true,"href":"https:\/\/www.trachtenverband-unterfranken.de\/index.php?rest_route=%2Fwp%2Fv2%2Ftags&post=5858"}],"curies":[{"name":"wp","href":"https:\/\/api.w.org\/{rel}","templated":true}]}}