{"id":5893,"date":"2022-09-20T04:48:08","date_gmt":"2022-09-20T02:48:08","guid":{"rendered":"https:\/\/www.trachtenverband-unterfranken.de\/?p=5893"},"modified":"2022-09-20T14:45:16","modified_gmt":"2022-09-20T12:45:16","slug":"sommerhaeuser-kirchweih","status":"publish","type":"post","link":"https:\/\/www.trachtenverband-unterfranken.de\/?p=5893","title":{"rendered":"Sommerh\u00e4user Kirchweih"},"content":{"rendered":"\n<p class=\"has-text-align-center has-vivid-red-color has-text-color has-medium-font-size\"><strong>Herzlich willkommen bei der Sommerh\u00e4user Kirchweih!<\/strong><\/p>\n\n\n\n<p class=\"has-text-align-center has-vivid-red-color has-text-color has-medium-font-size\">30. September &#8211; 04. Oktober 2022<\/p>\n\n\n\n<p class=\"has-text-align-center\">Auf Ihr Kommen freuen sich alle teilnehmenden Veranstalter. <\/p>\n\n\n\n<p>Am <strong>Montag und Dienstag<\/strong> musikalische Unterhaltung am Dreschplatz mit den <strong>Sommerh\u00e4user Musikanten<\/strong> und Ausschank von Sommerh\u00e4user Wein im traditionellen 0,5l-Mostseidel,<\/p>\n\n\n\n<p><strong>PROGRAMM<\/strong><\/p>\n\n\n\n<p><strong>30. September, Freitag<\/strong><\/p>\n\n\n\n<ul><li>ab 18 Uhr Kesselfleischessen am Schie\u00dfplatz<\/li><\/ul>\n\n\n\n<p><strong>1. Oktober, Samstag<\/strong><\/p>\n\n\n\n<ul><li>19.30 Uhr Fackelzug durch den Marktflecken<\/li><li>21 Uhr Kirchweihbar am Schie\u00dfplatz<\/li><\/ul>\n\n\n\n<p><strong>2. Oktober, Sonntag<\/strong><\/p>\n\n\n\n<ul><li>9.30 Uhr Festgottesdienst<\/li><li>15 Uhr Federwei\u00dfenfest an der Drescherhalle am Schie\u00dfplatz<\/li><li>17 Uhr Fr\u00e4nkischer Kirchweihabend mit &#8222;Quetsch-Zupf-Blasen&#8220;<\/li><\/ul>\n\n\n\n<p><strong>3. Oktober, Montag<\/strong> <\/p>\n\n\n\n<ul><li>6 Uhr Weckruf der Trommler<\/li><li>10 Uhr Gottesdienst in der Bartholom\u00e4uskirche<\/li><li>13:30 Uhr Kirchweihauszug der \u00f6rtlichen- und Gastvereine. Anschlie\u00dfend Festbetrieb an der alten Dreschhalle<\/li><\/ul>\n\n\n\n<p><strong>4. Oktober, Dienstag<\/strong><\/p>\n\n\n\n<ul><li> 9 Uhr Kirchweihschie\u00dfen im Sch\u00fctzenhaus<\/li><li>15 Uhr Auszug der Burschen zum Schie\u00dfplatz<\/li><li>ca. 19 Uhr Hammeltanz und Festausklang<\/li><\/ul>\n","protected":false},"excerpt":{"rendered":"<p>Herzlich willkommen bei der Sommerh\u00e4user Kirchweih! 30. September &#8211; 04. Oktober 2022 Auf Ihr Kommen freuen sich alle teilnehmenden Veranstalter. Am Montag und Dienstag musikalische Unterhaltung am Dreschplatz mit den Sommerh\u00e4user Musikanten und Ausschank von Sommerh\u00e4user Wein im traditionellen 0,5l-Mostseidel, PROGRAMM 30. September, Freitag ab 18 Uhr Kesselfleischessen am Schie\u00dfplatz 1. Oktober, Samstag 19.30 Uhr &hellip; <a href=\"https:\/\/www.trachtenverband-unterfranken.de\/?p=5893\" class=\"more-link\"><span class=\"screen-reader-text\">Sommerh\u00e4user Kirchweih<\/span> weiterlesen<\/a><\/p>\n","protected":false},"author":7,"featured_media":0,"comment_status":"closed","ping_status":"closed","sticky":false,"template":"","format":"standard","meta":{"footnotes":""},"categories":[1,9],"tags":[41,23,31,73],"_links":{"self":[{"href":"https:\/\/www.trachtenverband-unterfranken.de\/index.php?rest_route=\/wp\/v2\/posts\/5893"}],"collection":[{"href":"https:\/\/www.trachtenverband-unterfranken.de\/index.php?rest_route=\/wp\/v2\/posts"}],"about":[{"href":"https:\/\/www.trachtenverband-unterfranken.de\/index.php?rest_route=\/wp\/v2\/types\/post"}],"author":[{"embeddable":true,"href":"https:\/\/www.trachtenverband-unterfranken.de\/index.php?rest_route=\/wp\/v2\/users\/7"}],"replies":[{"embeddable":true,"href":"https:\/\/www.trachtenverband-unterfranken.de\/index.php?rest_route=%2Fwp%2Fv2%2Fcomments&post=5893"}],"version-history":[{"count":3,"href":"https:\/\/www.trachtenverband-unterfranken.de\/index.php?rest_route=\/wp\/v2\/posts\/5893\/revisions"}],"predecessor-version":[{"id":5897,"href":"https:\/\/www.trachtenverband-unterfranken.de\/index.php?rest_route=\/wp\/v2\/posts\/5893\/revisions\/5897"}],"wp:attachment":[{"href":"https:\/\/www.trachtenverband-unterfranken.de\/index.php?rest_route=%2Fwp%2Fv2%2Fmedia&parent=5893"}],"wp:term":[{"taxonomy":"category","embeddable":true,"href":"https:\/\/www.trachtenverband-unterfranken.de\/index.php?rest_route=%2Fwp%2Fv2%2Fcategories&post=5893"},{"taxonomy":"post_tag","embeddable":true,"href":"https:\/\/www.trachtenverband-unterfranken.de\/index.php?rest_route=%2Fwp%2Fv2%2Ftags&post=5893"}],"curies":[{"name":"wp","href":"https:\/\/api.w.org\/{rel}","templated":true}]}}