{"id":5898,"date":"2022-09-27T19:09:22","date_gmt":"2022-09-27T17:09:22","guid":{"rendered":"https:\/\/www.trachtenverband-unterfranken.de\/?p=5898"},"modified":"2022-09-27T19:09:28","modified_gmt":"2022-09-27T17:09:28","slug":"gauversammlung-des-trachtenverbands-unterfranken-e-v","status":"publish","type":"post","link":"https:\/\/www.trachtenverband-unterfranken.de\/?p=5898","title":{"rendered":"Gauversammlung des Trachtenverbands Unterfranken e.V."},"content":{"rendered":"\n<p><strong>Liebe Vorst\u00e4nde und Delegierte des Trachtenverbandes Unterfranken,<\/strong><\/p>\n\n\n\n<p><strong>Liebe Trachtlerinnen und liebe Trachtler,<\/strong><\/p>\n\n\n\n<p>hiermit laden wir herzlich zur n\u00e4chsten Gauversammlung des Trachtenverbands Unterfranken e.V. am <\/p>\n\n\n\n<p class=\"has-text-align-center\"><strong>Sonntag, den 6. November 2022 <\/strong>um<strong>14:00 Uhr<\/strong> nach <strong>W\u00fcrzburg<\/strong> <\/p>\n\n\n\n<p>ins Vereinsheim (Richard-Wagner-Str. 60) ein.<\/p>\n\n\n\n<p>Auf der Tagesordnung steht:<\/p>\n\n\n\n<ol><li>Begr\u00fc\u00dfung und Totenehrung<\/li><li>Genehmigung des Protokolls der Gauversammlung vom 14. Mai 2022 in R\u00f6thlein<\/li><li>Bericht der ersten Vorsitzenden Inge Burkhard-Vatterodt<\/li><li>Bericht des ersten stellvertretenden Vorsitzenden Kurt Weber<\/li><li>Kassenbericht<\/li><li>Berichte der Jugend und der Sachgebiete:<br>a. Jugend<br>b. Vort\u00e4nzer<br>c. Trachtenforschung und \u2013pflege<br>d. Mundart-Brauchtum-Laienspiel<br>e. Volksmusik<br>f. Presse<br>g. Aussprache \u00fcber die Berichte<\/li><li>Bericht der Kassenrevisoren<\/li><li>Entlastung der Vorstandschaft<\/li><li>140 Jahre Trachtenbewegung in Bayern<\/li><li>Fixierung der Termine f\u00fcr die Gauversammlungen (z. B. Fr\u00fchjahrsversammlung<br>immer am letzten M\u00e4rz-Wochenende oder Herbstversammlung am vorletzten<br>Oktoberwochenende)<\/li><li>Verschiedenes und Termine<\/li><\/ol>\n\n\n\n<p>Antr\u00e4ge sind mindestens 3 Wochen vor der Gauversammlung an Inge Burkhard-<br>Vatterodt ( inge.burkhard-vatterodt@tv-ufr.de ) einzureichen.<\/p>\n\n\n\n<p>Unser Vorstand ben\u00f6tigt immer noch eine\/n dritte\/n Vorsitzende\/n. Potenziell<br>Interessierte k\u00f6nnen sich ebenfalls an Inge wenden.<\/p>\n\n\n\n<p>Zur Versammlung soll es Kaffee und Kuchen geben, daf\u00fcr wird um <strong>Kuchenspenden<\/strong> gebeten. Kuchenb\u00e4cker:innen sollen sich bitte bei Dieter M\u00fcller (Tel.: +49 931 412380) melden.<\/p>\n\n\n\n<p><strong>Mit besten Trachtengr\u00fc\u00dfen<\/strong><\/p>\n\n\n\n<p><strong>Die Vorstandschaft <\/strong><strong>vom Trachtenverband Unterfranken e.V.<\/strong><\/p>\n","protected":false},"excerpt":{"rendered":"<p>Liebe Vorst\u00e4nde und Delegierte des Trachtenverbandes Unterfranken, Liebe Trachtlerinnen und liebe Trachtler, hiermit laden wir herzlich zur n\u00e4chsten Gauversammlung des Trachtenverbands Unterfranken e.V. am Sonntag, den 6. November 2022 um14:00 Uhr nach W\u00fcrzburg ins Vereinsheim (Richard-Wagner-Str. 60) ein. Auf der Tagesordnung steht: Begr\u00fc\u00dfung und Totenehrung Genehmigung des Protokolls der Gauversammlung vom 14. Mai 2022 in &hellip; <a href=\"https:\/\/www.trachtenverband-unterfranken.de\/?p=5898\" class=\"more-link\"><span class=\"screen-reader-text\">Gauversammlung des Trachtenverbands Unterfranken e.V.<\/span> weiterlesen<\/a><\/p>\n","protected":false},"author":7,"featured_media":0,"comment_status":"closed","ping_status":"closed","sticky":false,"template":"","format":"standard","meta":{"footnotes":""},"categories":[1,9],"tags":[21],"_links":{"self":[{"href":"https:\/\/www.trachtenverband-unterfranken.de\/index.php?rest_route=\/wp\/v2\/posts\/5898"}],"collection":[{"href":"https:\/\/www.trachtenverband-unterfranken.de\/index.php?rest_route=\/wp\/v2\/posts"}],"about":[{"href":"https:\/\/www.trachtenverband-unterfranken.de\/index.php?rest_route=\/wp\/v2\/types\/post"}],"author":[{"embeddable":true,"href":"https:\/\/www.trachtenverband-unterfranken.de\/index.php?rest_route=\/wp\/v2\/users\/7"}],"replies":[{"embeddable":true,"href":"https:\/\/www.trachtenverband-unterfranken.de\/index.php?rest_route=%2Fwp%2Fv2%2Fcomments&post=5898"}],"version-history":[{"count":1,"href":"https:\/\/www.trachtenverband-unterfranken.de\/index.php?rest_route=\/wp\/v2\/posts\/5898\/revisions"}],"predecessor-version":[{"id":5899,"href":"https:\/\/www.trachtenverband-unterfranken.de\/index.php?rest_route=\/wp\/v2\/posts\/5898\/revisions\/5899"}],"wp:attachment":[{"href":"https:\/\/www.trachtenverband-unterfranken.de\/index.php?rest_route=%2Fwp%2Fv2%2Fmedia&parent=5898"}],"wp:term":[{"taxonomy":"category","embeddable":true,"href":"https:\/\/www.trachtenverband-unterfranken.de\/index.php?rest_route=%2Fwp%2Fv2%2Fcategories&post=5898"},{"taxonomy":"post_tag","embeddable":true,"href":"https:\/\/www.trachtenverband-unterfranken.de\/index.php?rest_route=%2Fwp%2Fv2%2Ftags&post=5898"}],"curies":[{"name":"wp","href":"https:\/\/api.w.org\/{rel}","templated":true}]}}