{"id":5910,"date":"2023-04-12T01:30:46","date_gmt":"2023-04-11T23:30:46","guid":{"rendered":"https:\/\/www.trachtenverband-unterfranken.de\/?p=5910"},"modified":"2023-04-12T01:30:48","modified_gmt":"2023-04-11T23:30:48","slug":"lets-meet-again-gau-jugend-wochenende-in-unterfranken","status":"publish","type":"post","link":"https:\/\/www.trachtenverband-unterfranken.de\/?p=5910","title":{"rendered":"Let&#8217;s meet again: Gau Jugend-Wochenende in Unterfranken"},"content":{"rendered":"\n<p>Nach zwei Jahren Pandemie war es endlich soweit &#8211; die Kinder und Jugendlichen der unterfr\u00e4nkischen Trachtenvereine konnten sich wieder zu einer Jugendfreizeit treffen.<br>Knapp 50 Teilnehmer aus 6 Vereinen trafen sich am 24.\/25. September 2022 in Abtsroda an der Wasserkuppe. Ein Wochenende lang wurden verschiedene T\u00e4nze einstudiert, Turnbeutel gebatikt, Nagelbilder gebastelt und Brot gebacken.<br>Abgerundet wurde das gemeinsame Wochenende mit einer Nachtwanderung und einem gro\u00dfen Lagerfeuer.<br>Alle Beteiligten hatten viel Spa\u00df und neue Freundschaften konnten gekn\u00fcpft werden.<\/p>\n\n\n\n<figure class=\"wp-block-image size-large\"><img loading=\"lazy\" decoding=\"async\" width=\"375\" height=\"500\" src=\"https:\/\/www.trachtenverband-unterfranken.de\/wp-content\/uploads\/2023\/04\/Jugendwochenende_Gau-Unterfranken.jpg\" alt=\"\" class=\"wp-image-5911\" srcset=\"https:\/\/www.trachtenverband-unterfranken.de\/wp-content\/uploads\/2023\/04\/Jugendwochenende_Gau-Unterfranken.jpg 375w, https:\/\/www.trachtenverband-unterfranken.de\/wp-content\/uploads\/2023\/04\/Jugendwochenende_Gau-Unterfranken-225x300.jpg 225w\" sizes=\"(max-width: 375px) 100vw, 375px\" \/><\/figure>\n","protected":false},"excerpt":{"rendered":"<p>Nach zwei Jahren Pandemie war es endlich soweit &#8211; die Kinder und Jugendlichen der unterfr\u00e4nkischen Trachtenvereine konnten sich wieder zu einer Jugendfreizeit treffen.Knapp 50 Teilnehmer aus 6 Vereinen trafen sich am 24.\/25. September 2022 in Abtsroda an der Wasserkuppe. Ein Wochenende lang wurden verschiedene T\u00e4nze einstudiert, Turnbeutel gebatikt, Nagelbilder gebastelt und Brot gebacken.Abgerundet wurde das &hellip; <a href=\"https:\/\/www.trachtenverband-unterfranken.de\/?p=5910\" class=\"more-link\"><span class=\"screen-reader-text\">Let&#8217;s meet again: Gau Jugend-Wochenende in Unterfranken<\/span> weiterlesen<\/a><\/p>\n","protected":false},"author":7,"featured_media":0,"comment_status":"closed","ping_status":"closed","sticky":false,"template":"","format":"standard","meta":{"footnotes":""},"categories":[1,13],"tags":[135,101,73],"_links":{"self":[{"href":"https:\/\/www.trachtenverband-unterfranken.de\/index.php?rest_route=\/wp\/v2\/posts\/5910"}],"collection":[{"href":"https:\/\/www.trachtenverband-unterfranken.de\/index.php?rest_route=\/wp\/v2\/posts"}],"about":[{"href":"https:\/\/www.trachtenverband-unterfranken.de\/index.php?rest_route=\/wp\/v2\/types\/post"}],"author":[{"embeddable":true,"href":"https:\/\/www.trachtenverband-unterfranken.de\/index.php?rest_route=\/wp\/v2\/users\/7"}],"replies":[{"embeddable":true,"href":"https:\/\/www.trachtenverband-unterfranken.de\/index.php?rest_route=%2Fwp%2Fv2%2Fcomments&post=5910"}],"version-history":[{"count":2,"href":"https:\/\/www.trachtenverband-unterfranken.de\/index.php?rest_route=\/wp\/v2\/posts\/5910\/revisions"}],"predecessor-version":[{"id":5913,"href":"https:\/\/www.trachtenverband-unterfranken.de\/index.php?rest_route=\/wp\/v2\/posts\/5910\/revisions\/5913"}],"wp:attachment":[{"href":"https:\/\/www.trachtenverband-unterfranken.de\/index.php?rest_route=%2Fwp%2Fv2%2Fmedia&parent=5910"}],"wp:term":[{"taxonomy":"category","embeddable":true,"href":"https:\/\/www.trachtenverband-unterfranken.de\/index.php?rest_route=%2Fwp%2Fv2%2Fcategories&post=5910"},{"taxonomy":"post_tag","embeddable":true,"href":"https:\/\/www.trachtenverband-unterfranken.de\/index.php?rest_route=%2Fwp%2Fv2%2Ftags&post=5910"}],"curies":[{"name":"wp","href":"https:\/\/api.w.org\/{rel}","templated":true}]}}