{"id":5969,"date":"2023-10-26T14:34:14","date_gmt":"2023-10-26T12:34:14","guid":{"rendered":"https:\/\/www.trachtenverband-unterfranken.de\/?p=5969"},"modified":"2023-10-26T14:37:20","modified_gmt":"2023-10-26T12:37:20","slug":"gauversammlung-in-sommerhausen-2023","status":"publish","type":"post","link":"https:\/\/www.trachtenverband-unterfranken.de\/?p=5969","title":{"rendered":"Gauversammlung in Sommerhausen 2023"},"content":{"rendered":"\n<p><\/p>\n\n\n\n<p>Im Rahmen der Gauversammlung verabschiedete die Gauvorsitzende Inge Burkhard-Vatterodt die langj\u00e4hrige Schriftf\u00fchrerin Ida Bartenstein (TrV Geldersheim) und bedankte sich f\u00fcr ihren Einsatz f\u00fcr den Trachtenverband. Sie war von 2014 bis 2021 1. Schriftf\u00fchrerin und von 2021 bis 2023 die stellv. Schriftf\u00fchrerin. Als neue 1. Gauschriftf\u00fchrerin wurde Nadja G\u00f6tz (TrV R\u00f6thlein) gew\u00e4hlt. Der Posten des dritten Gauvorstands blieb weiter unbesetzt. Thomas Kohl (TrV Burgsinn) und Ursula Kullich(TrV Sennfeld) beide Sachgebiet Mundart-Brauchtum-Laienspiel k\u00fcndigten an, dass sie n\u00e4chstes Jahr f\u00fcr ihr Amt nicht mehr zur Verf\u00fcgung stehen.<\/p>\n\n\n<div class=\"wp-block-image\">\n<figure class=\"aligncenter size-full is-resized\"><img loading=\"lazy\" decoding=\"async\" src=\"https:\/\/www.trachtenverband-unterfranken.de\/wp-content\/uploads\/2023\/10\/WhatsApp-Image-2023-10-22-at-06.57.14.jpeg\" alt=\"\" class=\"wp-image-5978\" width=\"265\" height=\"470\" srcset=\"https:\/\/www.trachtenverband-unterfranken.de\/wp-content\/uploads\/2023\/10\/WhatsApp-Image-2023-10-22-at-06.57.14.jpeg 282w, https:\/\/www.trachtenverband-unterfranken.de\/wp-content\/uploads\/2023\/10\/WhatsApp-Image-2023-10-22-at-06.57.14-169x300.jpeg 169w\" sizes=\"(max-width: 265px) 100vw, 265px\" \/><figcaption>vlnr: Kurt Weber, Inge Burkhard-Vatterodt, Ida Bartenstein &#8211; Foto: Oliver Brust<\/figcaption><\/figure><\/div>\n\n\n<p>Erfreulich ist, dass am 1.Juni 2024 wieder ein Gautrachtenfest in Unterfranken stattfindet. Dies erfolgt in Kooperation mit der Stadt Schweinfurt im Rahmen des Schweinfurter Volksfestes. Der Trachtenverein H\u00f6rstein beantragte f\u00fcr 2025 ein Doppelgaufest anl\u00e4sslich des 100+5 Vereinsjubil\u00e4ums. So findet dann vom 28.-29.06.2025 das Doppel-Gautrachtenfest des Rhein-Main-Gauverbandes zusammen mit dem Trachtenverband Unterfranken statt.<\/p>\n\n\n\n<p>Bericht: Oliver Brust<\/p>\n","protected":false},"excerpt":{"rendered":"<p>Im Rahmen der Gauversammlung verabschiedete die Gauvorsitzende Inge Burkhard-Vatterodt die langj\u00e4hrige Schriftf\u00fchrerin Ida Bartenstein (TrV Geldersheim) und bedankte sich f\u00fcr ihren Einsatz f\u00fcr den Trachtenverband. Sie war von 2014 bis 2021 1. Schriftf\u00fchrerin und von 2021 bis 2023 die stellv. Schriftf\u00fchrerin. Als neue 1. Gauschriftf\u00fchrerin wurde Nadja G\u00f6tz (TrV R\u00f6thlein) gew\u00e4hlt. Der Posten des dritten &hellip; <a href=\"https:\/\/www.trachtenverband-unterfranken.de\/?p=5969\" class=\"more-link\"><span class=\"screen-reader-text\">Gauversammlung in Sommerhausen 2023<\/span> weiterlesen<\/a><\/p>\n","protected":false},"author":7,"featured_media":0,"comment_status":"closed","ping_status":"closed","sticky":false,"template":"","format":"standard","meta":{"footnotes":""},"categories":[1,4],"tags":[86,21],"_links":{"self":[{"href":"https:\/\/www.trachtenverband-unterfranken.de\/index.php?rest_route=\/wp\/v2\/posts\/5969"}],"collection":[{"href":"https:\/\/www.trachtenverband-unterfranken.de\/index.php?rest_route=\/wp\/v2\/posts"}],"about":[{"href":"https:\/\/www.trachtenverband-unterfranken.de\/index.php?rest_route=\/wp\/v2\/types\/post"}],"author":[{"embeddable":true,"href":"https:\/\/www.trachtenverband-unterfranken.de\/index.php?rest_route=\/wp\/v2\/users\/7"}],"replies":[{"embeddable":true,"href":"https:\/\/www.trachtenverband-unterfranken.de\/index.php?rest_route=%2Fwp%2Fv2%2Fcomments&post=5969"}],"version-history":[{"count":5,"href":"https:\/\/www.trachtenverband-unterfranken.de\/index.php?rest_route=\/wp\/v2\/posts\/5969\/revisions"}],"predecessor-version":[{"id":5979,"href":"https:\/\/www.trachtenverband-unterfranken.de\/index.php?rest_route=\/wp\/v2\/posts\/5969\/revisions\/5979"}],"wp:attachment":[{"href":"https:\/\/www.trachtenverband-unterfranken.de\/index.php?rest_route=%2Fwp%2Fv2%2Fmedia&parent=5969"}],"wp:term":[{"taxonomy":"category","embeddable":true,"href":"https:\/\/www.trachtenverband-unterfranken.de\/index.php?rest_route=%2Fwp%2Fv2%2Fcategories&post=5969"},{"taxonomy":"post_tag","embeddable":true,"href":"https:\/\/www.trachtenverband-unterfranken.de\/index.php?rest_route=%2Fwp%2Fv2%2Ftags&post=5969"}],"curies":[{"name":"wp","href":"https:\/\/api.w.org\/{rel}","templated":true}]}}