{"id":597,"date":"2008-10-15T17:16:41","date_gmt":"2008-10-15T16:16:41","guid":{"rendered":"http:\/\/trachtenverband-unterfranken.de\/wordpress\/?p=597"},"modified":"2008-10-15T17:16:41","modified_gmt":"2008-10-15T16:16:41","slug":"kikeriki","status":"publish","type":"post","link":"https:\/\/www.trachtenverband-unterfranken.de\/?p=597","title":{"rendered":"Kikeriki"},"content":{"rendered":"<p>Aufstellung : Paarweise zueinander, halboffene Fassung in<\/p>\n<p>Tanzrichtung<\/p>\n<p>Teil 1 : &#8211; 4 Gehschritte in Tanzrichtung,<\/p>\n<p>&#8211; Zwei-Schritt-Dreher,<\/p>\n<p>&#8211; 1x wiederholen.<\/p>\n<p>&#8211;<\/p>\n<p>Teil 2 : &#8211; Tupfschritt (Spitze) zur Kreismitte mit dem<\/p>\n<p>\u00e4u\u00dferen Fu\u00df vor und zur\u00fcck,<\/p>\n<p>&#8211; Tupfschritt mit dem inneren Fu\u00df vor und<\/p>\n<p>zur\u00fcck,<\/p>\n<p>&#8211; Zwei-Schritt-Dreher,<\/p>\n<p>&#8211; 1x wiederholen.<\/p>\n<p>&#8211; Von vorne wiederholen.<\/p>\n","protected":false},"excerpt":{"rendered":"<p>&#8230;<\/p>\n","protected":false},"author":1,"featured_media":0,"comment_status":"open","ping_status":"closed","sticky":false,"template":"","format":"standard","meta":{"footnotes":""},"categories":[1],"tags":[],"_links":{"self":[{"href":"https:\/\/www.trachtenverband-unterfranken.de\/index.php?rest_route=\/wp\/v2\/posts\/597"}],"collection":[{"href":"https:\/\/www.trachtenverband-unterfranken.de\/index.php?rest_route=\/wp\/v2\/posts"}],"about":[{"href":"https:\/\/www.trachtenverband-unterfranken.de\/index.php?rest_route=\/wp\/v2\/types\/post"}],"author":[{"embeddable":true,"href":"https:\/\/www.trachtenverband-unterfranken.de\/index.php?rest_route=\/wp\/v2\/users\/1"}],"replies":[{"embeddable":true,"href":"https:\/\/www.trachtenverband-unterfranken.de\/index.php?rest_route=%2Fwp%2Fv2%2Fcomments&post=597"}],"version-history":[{"count":0,"href":"https:\/\/www.trachtenverband-unterfranken.de\/index.php?rest_route=\/wp\/v2\/posts\/597\/revisions"}],"wp:attachment":[{"href":"https:\/\/www.trachtenverband-unterfranken.de\/index.php?rest_route=%2Fwp%2Fv2%2Fmedia&parent=597"}],"wp:term":[{"taxonomy":"category","embeddable":true,"href":"https:\/\/www.trachtenverband-unterfranken.de\/index.php?rest_route=%2Fwp%2Fv2%2Fcategories&post=597"},{"taxonomy":"post_tag","embeddable":true,"href":"https:\/\/www.trachtenverband-unterfranken.de\/index.php?rest_route=%2Fwp%2Fv2%2Ftags&post=597"}],"curies":[{"name":"wp","href":"https:\/\/api.w.org\/{rel}","templated":true}]}}