{"id":599,"date":"2008-10-15T17:17:31","date_gmt":"2008-10-15T16:17:31","guid":{"rendered":"http:\/\/trachtenverband-unterfranken.de\/wordpress\/?p=599"},"modified":"2008-10-15T17:17:31","modified_gmt":"2008-10-15T16:17:31","slug":"hackschottisch","status":"publish","type":"post","link":"https:\/\/www.trachtenverband-unterfranken.de\/?p=599","title":{"rendered":"Hackschottisch"},"content":{"rendered":"<p>Aufstellung : Paarweise im Kreis, halboffene Fassung.<\/p>\n<p>Teil 1 : &#8211; Mit dem \u00e4u\u00dferen Fu\u00df beginnend in<\/p>\n<p>Tanzrichtung,<\/p>\n<p>&#8211; Tupfschritt mit der Hacke vor,<\/p>\n<p>&#8211; Tupfschritt mit der Spitze zur\u00fcck,<\/p>\n<p>&#8211; Wechselschritt,<\/p>\n<p>&#8211; halbe Drehung,<\/p>\n<p>&#8211; dasselbe gegen die Tanzrichtung ( Hacke \u2013 Spitze \u2013<br \/>\nWechselschritt).<\/p>\n<p>Teil 2 : &#8211; Offene Fassung,<\/p>\n<p>&#8211; Bursch rechter Arm nach oben gestreckt,<\/p>\n<p>&#8211; M\u00e4del dreht sich (leicht nach vorne in<\/p>\n<p>Tanzrichtung).<\/p>\n<p>Teil 3 : &#8211; Wie Teil 1.<\/p>\n<p>Teil 4 : &#8211; Schottisch rund.<\/p>\n<p><em>Beide Figuren (Teil 2 und 4) werden im Wechsel beliebig oft getanzt.<\/em><\/p>\n","protected":false},"excerpt":{"rendered":"<p>&#8230;<\/p>\n","protected":false},"author":1,"featured_media":0,"comment_status":"open","ping_status":"closed","sticky":false,"template":"","format":"standard","meta":{"footnotes":""},"categories":[1],"tags":[],"_links":{"self":[{"href":"https:\/\/www.trachtenverband-unterfranken.de\/index.php?rest_route=\/wp\/v2\/posts\/599"}],"collection":[{"href":"https:\/\/www.trachtenverband-unterfranken.de\/index.php?rest_route=\/wp\/v2\/posts"}],"about":[{"href":"https:\/\/www.trachtenverband-unterfranken.de\/index.php?rest_route=\/wp\/v2\/types\/post"}],"author":[{"embeddable":true,"href":"https:\/\/www.trachtenverband-unterfranken.de\/index.php?rest_route=\/wp\/v2\/users\/1"}],"replies":[{"embeddable":true,"href":"https:\/\/www.trachtenverband-unterfranken.de\/index.php?rest_route=%2Fwp%2Fv2%2Fcomments&post=599"}],"version-history":[{"count":0,"href":"https:\/\/www.trachtenverband-unterfranken.de\/index.php?rest_route=\/wp\/v2\/posts\/599\/revisions"}],"wp:attachment":[{"href":"https:\/\/www.trachtenverband-unterfranken.de\/index.php?rest_route=%2Fwp%2Fv2%2Fmedia&parent=599"}],"wp:term":[{"taxonomy":"category","embeddable":true,"href":"https:\/\/www.trachtenverband-unterfranken.de\/index.php?rest_route=%2Fwp%2Fv2%2Fcategories&post=599"},{"taxonomy":"post_tag","embeddable":true,"href":"https:\/\/www.trachtenverband-unterfranken.de\/index.php?rest_route=%2Fwp%2Fv2%2Ftags&post=599"}],"curies":[{"name":"wp","href":"https:\/\/api.w.org\/{rel}","templated":true}]}}