{"id":6039,"date":"2024-04-25T15:54:58","date_gmt":"2024-04-25T13:54:58","guid":{"rendered":"https:\/\/www.trachtenverband-unterfranken.de\/?p=6039"},"modified":"2024-04-30T20:55:38","modified_gmt":"2024-04-30T18:55:38","slug":"neue-vorstandschaft-im-trachtenverband","status":"publish","type":"post","link":"https:\/\/www.trachtenverband-unterfranken.de\/?p=6039","title":{"rendered":"Neue Vorstandschaft im Trachtenverband"},"content":{"rendered":"\n<p>Am Samstag, den 07.04.2024 fand in Sommerhausen die Gauversammlung im Gau Unterfranken statt. Nach den Berichten der Sachgebiete wurde die Vorstandschaft neu gew\u00e4hlt.<\/p>\n\n\n\n<figure class=\"wp-block-gallery has-nested-images columns-default is-cropped wp-block-gallery-1 is-layout-flex wp-block-gallery-is-layout-flex\">\n<figure class=\"wp-block-image size-full\"><img loading=\"lazy\" decoding=\"async\" width=\"750\" height=\"407\" data-id=\"6045\" src=\"https:\/\/www.trachtenverband-unterfranken.de\/wp-content\/uploads\/2024\/04\/20240407_145054-2.jpg\" alt=\"\" class=\"wp-image-6045\" srcset=\"https:\/\/www.trachtenverband-unterfranken.de\/wp-content\/uploads\/2024\/04\/20240407_145054-2.jpg 750w, https:\/\/www.trachtenverband-unterfranken.de\/wp-content\/uploads\/2024\/04\/20240407_145054-2-300x163.jpg 300w\" sizes=\"(max-width: 750px) 100vw, 750px\" \/><\/figure>\n<\/figure>\n\n\n\n<p>v.l. Schriftf\u00fchrerin: Nadja G\u00f6tz; 1.Musikwart: Thilo Weiskopf; 1.Beisitzer: Werner Sch\u00f6nig; 1.Gauvorsitzende: Inge Burkhard-Vatterodt; 1.Stellvertreter: Florian Kre\u00df; 2.Beisitzer: Andrea Nussmann; 2.Stellvertreter: Stefan Diroll; Pressewartin: Nina D\u00fcrr; 1.Kassier: Albert Hein; 1.Gaujugendleiterin: Melanie Cmiel; 2.Kassier: Andreas Mohr; 2.Gautrachtenberaterin: Elisabeth Matschiner; 1.F\u00e4hnrich: Marcus M\u00fcller<br>auf dem Bild fehlen: 1.Vort\u00e4nzerin: Tina Belver-Martin; 2.Vort\u00e4nzerin Andrea Brand; 2.Gaujugendleiterin: Sabine Lehrmann; 2.Musikwart: Marco Weiskopf; 3.F\u00e4hnrich: Michael Hochstein<\/p>\n\n\n\n<p>Aus der Vorstandschaft verabschiedet wurden Oliver Brust, Ursula Kullich, Kurt Weber, Bianca Sch\u00f6nig, Ansgar Beck und Thomas Kohl.<\/p>\n\n\n\n<p><br>Wir w\u00fcnschen der neuen Vorstandschaft alles Gute und danken den ausgeschiedenen Vorstandsmitgliedern f\u00fcr Ihre Arbeit.<\/p>\n\n\n\n<p><br>Nina D\u00fcrr: Pressewartin<\/p>\n","protected":false},"excerpt":{"rendered":"<p>Am Samstag, den 07.04.2024 fand in Sommerhausen die Gauversammlung im Gau Unterfranken statt. Nach den Berichten der Sachgebiete wurde die Vorstandschaft neu gew\u00e4hlt. v.l. Schriftf\u00fchrerin: Nadja G\u00f6tz; 1.Musikwart: Thilo Weiskopf; 1.Beisitzer: Werner Sch\u00f6nig; 1.Gauvorsitzende: Inge Burkhard-Vatterodt; 1.Stellvertreter: Florian Kre\u00df; 2.Beisitzer: Andrea Nussmann; 2.Stellvertreter: Stefan Diroll; Pressewartin: Nina D\u00fcrr; 1.Kassier: Albert Hein; 1.Gaujugendleiterin: Melanie Cmiel; 2.Kassier: &hellip; <a href=\"https:\/\/www.trachtenverband-unterfranken.de\/?p=6039\" class=\"more-link\"><span class=\"screen-reader-text\">Neue Vorstandschaft im Trachtenverband<\/span> weiterlesen<\/a><\/p>\n","protected":false},"author":7,"featured_media":0,"comment_status":"closed","ping_status":"closed","sticky":false,"template":"","format":"standard","meta":{"footnotes":""},"categories":[1],"tags":[21,136,149],"_links":{"self":[{"href":"https:\/\/www.trachtenverband-unterfranken.de\/index.php?rest_route=\/wp\/v2\/posts\/6039"}],"collection":[{"href":"https:\/\/www.trachtenverband-unterfranken.de\/index.php?rest_route=\/wp\/v2\/posts"}],"about":[{"href":"https:\/\/www.trachtenverband-unterfranken.de\/index.php?rest_route=\/wp\/v2\/types\/post"}],"author":[{"embeddable":true,"href":"https:\/\/www.trachtenverband-unterfranken.de\/index.php?rest_route=\/wp\/v2\/users\/7"}],"replies":[{"embeddable":true,"href":"https:\/\/www.trachtenverband-unterfranken.de\/index.php?rest_route=%2Fwp%2Fv2%2Fcomments&post=6039"}],"version-history":[{"count":5,"href":"https:\/\/www.trachtenverband-unterfranken.de\/index.php?rest_route=\/wp\/v2\/posts\/6039\/revisions"}],"predecessor-version":[{"id":6051,"href":"https:\/\/www.trachtenverband-unterfranken.de\/index.php?rest_route=\/wp\/v2\/posts\/6039\/revisions\/6051"}],"wp:attachment":[{"href":"https:\/\/www.trachtenverband-unterfranken.de\/index.php?rest_route=%2Fwp%2Fv2%2Fmedia&parent=6039"}],"wp:term":[{"taxonomy":"category","embeddable":true,"href":"https:\/\/www.trachtenverband-unterfranken.de\/index.php?rest_route=%2Fwp%2Fv2%2Fcategories&post=6039"},{"taxonomy":"post_tag","embeddable":true,"href":"https:\/\/www.trachtenverband-unterfranken.de\/index.php?rest_route=%2Fwp%2Fv2%2Ftags&post=6039"}],"curies":[{"name":"wp","href":"https:\/\/api.w.org\/{rel}","templated":true}]}}