{"id":6155,"date":"2025-10-27T20:50:12","date_gmt":"2025-10-27T19:50:12","guid":{"rendered":"https:\/\/www.trachtenverband-unterfranken.de\/?p=6155"},"modified":"2025-10-27T20:50:13","modified_gmt":"2025-10-27T19:50:13","slug":"trachtenverband-unterfranken-beim-gredinger-trachtenmarkt-2025","status":"publish","type":"post","link":"https:\/\/www.trachtenverband-unterfranken.de\/?p=6155","title":{"rendered":"Trachtenverband Unterfranken beim Gredinger Trachtenmarkt 2025"},"content":{"rendered":"\n<p>Am 06. und 07. September 2025 fand in diesem Jahr der 32. Gredinger Trachtenmarkt statt. Der Trachtenmarkt findet j\u00e4hrlich statt und ist eine bedeutende Veranstaltung f\u00fcr traditionelle Handwerkskunst bei der sich alles um Trachten dreht. Der Markt wird vom Bayerischen Landesverein f\u00fcr Heimatpflege in Zusammenarbeit mit der Trachtenforschungs- und Beratungsstelle des Bezirks Mittelfranken und der Stadt Greding veranstaltet.<\/p>\n\n\n\n<p>Neben dem Trachtenmarkt findet jeweils ein buntes kulturelles Programm mit Volksmusik, Volkstanz und Trachtenvorstellungen statt. In diesem Jahr war der Lechgau mit T\u00e4nzen und Trachten vertreten. Die Hummeltrachten aus Mistelgau in Oberfranken wurden als \u201eTracht des Jahres\u201c vorgestellt. Besondere H\u00f6hepunkte waren die Auftritte der Utersumer Trachtengruppe von der Insel F\u00f6hr.<br>An rund 100 St\u00e4nden fand man ein reiches Angebot rund um die Tracht. St\u00e4nde mit Stoffen, Zubeh\u00f6r, Schnitten, B\u00fccher, sowie lebende Werkst\u00e4tten und Vorf\u00fchrungen zu alten Handwerkstechniken gaben allen Interessierten beste Informationen und Einkaufsm\u00f6glichkeiten. Der Schwerpunkt in diesem Jahr lag beim Blaudruckerhandwerk.<\/p>\n\n\n\n<p>Das Sachgebiet \u201eTrachtenpflege\u201c des Trachtenverbandes Unterfranken konnte sich auch in diesem Jahr an einem Gemeinschaftsstand mit dem Bezirk Unterfranken pr\u00e4sentieren. Die Leitung hatte Frau Annemarie Heuler die neue Trachtenberaterin des Bezirks. <br>Die Gautrachtenberaterinnen Nadja G\u00f6tz und Elisabeth Matschiner boten Informationen zu allen Gauvereinen und der Vielfalt der unterfr\u00e4nkischen Trachten im allgemeinen. <\/p>\n\n\n<div class=\"wp-block-image\">\n<figure class=\"aligncenter size-full\"><img loading=\"lazy\" decoding=\"async\" width=\"375\" height=\"500\" src=\"https:\/\/www.trachtenverband-unterfranken.de\/wp-content\/uploads\/2025\/10\/Stand-des-Trachtenverbandes-Unterfranken.jpg\" alt=\"\" class=\"wp-image-6156\" srcset=\"https:\/\/www.trachtenverband-unterfranken.de\/wp-content\/uploads\/2025\/10\/Stand-des-Trachtenverbandes-Unterfranken.jpg 375w, https:\/\/www.trachtenverband-unterfranken.de\/wp-content\/uploads\/2025\/10\/Stand-des-Trachtenverbandes-Unterfranken-225x300.jpg 225w\" sizes=\"(max-width: 375px) 100vw, 375px\" \/><\/figure><\/div>\n\n\n<p><\/p>\n\n\n\n<p>Im Rahmen von Vorf\u00fchrungen wurden alte Handwerkstechniken wie Perlensticken und Perlenstricken vorgestellt. Daneben gab es Informationen zum diesj\u00e4hrigen Thema \u201eBlaudruck\u201c mit Beispielen und Mustern aus unserem Trachtengau. Unsere unterfr\u00e4nkischen Kochb\u00fccher, Spiele, B\u00fccher und Veranstaltungskalender wurden rege nachgefragt.<br>Viele interessierte G\u00e4ste und Trachtentr\u00e4ger besuchten den Stand und holten sich Informationen und Ausk\u00fcnfte zur Herstellung und Beschaffung unserer unterfr\u00e4nkischen Trachten und zu den angebotenen Veranstaltungen des Trachtenverbands und insbesondere unseres Gaues.<\/p>\n\n\n\n<p>Heinz Matschiner<\/p>\n","protected":false},"excerpt":{"rendered":"<p>Am 06. und 07. September 2025 fand in diesem Jahr der 32. Gredinger Trachtenmarkt statt. Der Trachtenmarkt findet j\u00e4hrlich statt und ist eine bedeutende Veranstaltung f\u00fcr traditionelle Handwerkskunst bei der sich alles um Trachten dreht. Der Markt wird vom Bayerischen Landesverein f\u00fcr Heimatpflege in Zusammenarbeit mit der Trachtenforschungs- und Beratungsstelle des Bezirks Mittelfranken und der &hellip; <a href=\"https:\/\/www.trachtenverband-unterfranken.de\/?p=6155\" class=\"more-link\"><span class=\"screen-reader-text\">Trachtenverband Unterfranken beim Gredinger Trachtenmarkt 2025<\/span> weiterlesen<\/a><\/p>\n","protected":false},"author":7,"featured_media":0,"comment_status":"closed","ping_status":"closed","sticky":false,"template":"","format":"standard","meta":{"footnotes":""},"categories":[74,9,7,28],"tags":[26],"_links":{"self":[{"href":"https:\/\/www.trachtenverband-unterfranken.de\/index.php?rest_route=\/wp\/v2\/posts\/6155"}],"collection":[{"href":"https:\/\/www.trachtenverband-unterfranken.de\/index.php?rest_route=\/wp\/v2\/posts"}],"about":[{"href":"https:\/\/www.trachtenverband-unterfranken.de\/index.php?rest_route=\/wp\/v2\/types\/post"}],"author":[{"embeddable":true,"href":"https:\/\/www.trachtenverband-unterfranken.de\/index.php?rest_route=\/wp\/v2\/users\/7"}],"replies":[{"embeddable":true,"href":"https:\/\/www.trachtenverband-unterfranken.de\/index.php?rest_route=%2Fwp%2Fv2%2Fcomments&post=6155"}],"version-history":[{"count":2,"href":"https:\/\/www.trachtenverband-unterfranken.de\/index.php?rest_route=\/wp\/v2\/posts\/6155\/revisions"}],"predecessor-version":[{"id":6159,"href":"https:\/\/www.trachtenverband-unterfranken.de\/index.php?rest_route=\/wp\/v2\/posts\/6155\/revisions\/6159"}],"wp:attachment":[{"href":"https:\/\/www.trachtenverband-unterfranken.de\/index.php?rest_route=%2Fwp%2Fv2%2Fmedia&parent=6155"}],"wp:term":[{"taxonomy":"category","embeddable":true,"href":"https:\/\/www.trachtenverband-unterfranken.de\/index.php?rest_route=%2Fwp%2Fv2%2Fcategories&post=6155"},{"taxonomy":"post_tag","embeddable":true,"href":"https:\/\/www.trachtenverband-unterfranken.de\/index.php?rest_route=%2Fwp%2Fv2%2Ftags&post=6155"}],"curies":[{"name":"wp","href":"https:\/\/api.w.org\/{rel}","templated":true}]}}