{"id":6160,"date":"2025-10-27T21:02:15","date_gmt":"2025-10-27T20:02:15","guid":{"rendered":"https:\/\/www.trachtenverband-unterfranken.de\/?p=6160"},"modified":"2025-10-27T21:02:17","modified_gmt":"2025-10-27T20:02:17","slug":"1-landesball-des-bayerischen-trachtenverbandes-in-ingolstadt","status":"publish","type":"post","link":"https:\/\/www.trachtenverband-unterfranken.de\/?p=6160","title":{"rendered":"1. Landesball des Bayerischen Trachtenverbandes in Ingolstadt"},"content":{"rendered":"\n<p>Am 18. Oktober fand der erste Landesball des Bayerischen Trachtenverbandes im Festsaal des Stadttheaters Ingolstadt statt \u2013 ein Abend voller Tradition, Tanz und Gemeinschaft.<\/p>\n\n\n\n<p>Zu diesem besonderen Anlass machten sich 46 Trachtlerinnen und Trachtler aus unserem Verband auf den Weg, um gemeinsam einen unvergesslichen Abend zu erleben. Wir hatten die gro\u00dfe Ehre, mit einem Auftritt im Festsaal dabei zu sein und unsere T\u00e4nze zu pr\u00e4sentieren. Getanzt wurden das Gergla und der Schecher \u2013 auf einer gro\u00dfz\u00fcgigen Tanzfl\u00e4che, die uns mit 13 Tanzpaaren der Gautanzgruppe einen gelungenen und schwungvollen Auftritt erm\u00f6glichte.<\/p>\n\n\n\n<figure class=\"wp-block-image size-full is-resized\"><img loading=\"lazy\" decoding=\"async\" width=\"750\" height=\"318\" src=\"https:\/\/www.trachtenverband-unterfranken.de\/wp-content\/uploads\/2025\/10\/Gruppenfoto-1.jpeg\" alt=\"\" class=\"wp-image-6162\" style=\"width:788px;height:auto\" srcset=\"https:\/\/www.trachtenverband-unterfranken.de\/wp-content\/uploads\/2025\/10\/Gruppenfoto-1.jpeg 750w, https:\/\/www.trachtenverband-unterfranken.de\/wp-content\/uploads\/2025\/10\/Gruppenfoto-1-300x127.jpeg 300w\" sizes=\"(max-width: 750px) 100vw, 750px\" \/><\/figure>\n\n\n\n<p><\/p>\n\n\n\n<p>Auch die Tanzgruppen aus dem Donaugau, dem Oberen Lechgau und dem Inngau bereicherten den Abend mit wundersch\u00f6nen T\u00e4nzen. Zwischendurch gab es immer wieder offene Tanzrunden, bei denen alle G\u00e4ste eingeladen waren, mitzutanzen \u2013 ob beim Zwiefachen, Walzer, Rheinl\u00e4nder, Kn\u00f6dldrahner und vielem mehr. Die gut gef\u00fcllte Tanzfl\u00e4che sorgte f\u00fcr ausgelassene Stimmung und viel Freude.<\/p>\n\n\n\n<p>Musikalisch wurde der Landesball von zwei hervorragenden Gruppen begleitet:<\/p>\n\n\n\n<ul>\n<li>Maschant Tanzlmusik mit altbayerischen Kl\u00e4ngen aus der Holledau<\/li>\n\n\n\n<li>Oberlauser Tanzlmusi aus der oberbayerischen Region zwischen Ebersberg und Bad Aibling mit ihrer almerischen Spielweise<\/li>\n<\/ul>\n\n\n\n<p>Tina Belver Martin<\/p>\n","protected":false},"excerpt":{"rendered":"<p>Am 18. Oktober fand der erste Landesball des Bayerischen Trachtenverbandes im Festsaal des Stadttheaters Ingolstadt statt \u2013 ein Abend voller Tradition, Tanz und Gemeinschaft. Zu diesem besonderen Anlass machten sich 46 Trachtlerinnen und Trachtler aus unserem Verband auf den Weg, um gemeinsam einen unvergesslichen Abend zu erleben. Wir hatten die gro\u00dfe Ehre, mit einem Auftritt &hellip; <a href=\"https:\/\/www.trachtenverband-unterfranken.de\/?p=6160\" class=\"more-link\"><span class=\"screen-reader-text\">1. Landesball des Bayerischen Trachtenverbandes in Ingolstadt<\/span> weiterlesen<\/a><\/p>\n","protected":false},"author":7,"featured_media":0,"comment_status":"closed","ping_status":"closed","sticky":false,"template":"","format":"standard","meta":{"footnotes":""},"categories":[74,9,35],"tags":[118,87],"_links":{"self":[{"href":"https:\/\/www.trachtenverband-unterfranken.de\/index.php?rest_route=\/wp\/v2\/posts\/6160"}],"collection":[{"href":"https:\/\/www.trachtenverband-unterfranken.de\/index.php?rest_route=\/wp\/v2\/posts"}],"about":[{"href":"https:\/\/www.trachtenverband-unterfranken.de\/index.php?rest_route=\/wp\/v2\/types\/post"}],"author":[{"embeddable":true,"href":"https:\/\/www.trachtenverband-unterfranken.de\/index.php?rest_route=\/wp\/v2\/users\/7"}],"replies":[{"embeddable":true,"href":"https:\/\/www.trachtenverband-unterfranken.de\/index.php?rest_route=%2Fwp%2Fv2%2Fcomments&post=6160"}],"version-history":[{"count":2,"href":"https:\/\/www.trachtenverband-unterfranken.de\/index.php?rest_route=\/wp\/v2\/posts\/6160\/revisions"}],"predecessor-version":[{"id":6164,"href":"https:\/\/www.trachtenverband-unterfranken.de\/index.php?rest_route=\/wp\/v2\/posts\/6160\/revisions\/6164"}],"wp:attachment":[{"href":"https:\/\/www.trachtenverband-unterfranken.de\/index.php?rest_route=%2Fwp%2Fv2%2Fmedia&parent=6160"}],"wp:term":[{"taxonomy":"category","embeddable":true,"href":"https:\/\/www.trachtenverband-unterfranken.de\/index.php?rest_route=%2Fwp%2Fv2%2Fcategories&post=6160"},{"taxonomy":"post_tag","embeddable":true,"href":"https:\/\/www.trachtenverband-unterfranken.de\/index.php?rest_route=%2Fwp%2Fv2%2Ftags&post=6160"}],"curies":[{"name":"wp","href":"https:\/\/api.w.org\/{rel}","templated":true}]}}